{"id":830,"date":"2018-07-09T14:12:45","date_gmt":"2018-07-09T13:12:45","guid":{"rendered":"https:\/\/www.haut-vallespir.fr\/?p=830"},"modified":"2018-07-10T07:42:06","modified_gmt":"2018-07-10T06:42:06","slug":"la-communaute-de-communes-agit-en-faveur-de-leducation-a-lenvironnement","status":"publish","type":"post","link":"https:\/\/www.haut-vallespir.fr\/?p=830","title":{"rendered":"La Communaut\u00e9 de Communes agit en faveur de l\u2019\u00e9ducation \u00e0 l\u2019environnement"},"content":{"rendered":"<p>&nbsp;<\/p>\n<h1><strong>TEPCV : l&rsquo;action de la Communaut\u00e9 de Communes<\/strong><\/h1>\n<p>&nbsp;<\/p>\n<p>Dans le cadre de la reconnaissance du Pays Pyr\u00e9n\u00e9es M\u00e9diterran\u00e9e comme <strong><a href=\"https:\/\/www.haut-vallespir.fr\/developpement-durable\/territoire-a-energie-positive-pour-la-croissance-verte\/\" target=\"_blank\" rel=\"noopener\">\u00ab\u00a0Territoire \u00e0 \u00c9nergie Positive pour la Croissance Verte\u00a0\u00bb<\/a> (TEPCV)<\/strong>, 20 ma\u00eetres d&rsquo;ouvrages au total ont b\u00e9n\u00e9fici\u00e9\/b\u00e9n\u00e9ficieront d&rsquo;une part de l&rsquo;aide financi\u00e8re \u00ab\u00a0Fond de Financement pour la Transition \u00c9nerg\u00e9tique\u00a0\u00bb, repr\u00e9sentant une enveloppe de <strong>2 millions d&rsquo;euros<\/strong> en faveur de la transition \u00e9cologique du territoire.<\/p>\n<p>L&rsquo;action men\u00e9e par la Communaut\u00e9 de Communes s&rsquo;inscrit dans le domaine intitul\u00e9 \u00ab\u00a0L\u2019\u00e9ducation \u00e0 l\u2019environnement\u00a0\u00bb.<\/p>\n<p>&nbsp;<\/p>\n<p>&nbsp;<\/p>\n<h2><strong><img loading=\"lazy\" decoding=\"async\" class=\"size-full wp-image-874 alignleft\" src=\"https:\/\/www.haut-vallespir.fr\/wp-content\/uploads\/2018\/07\/arboretum_11_01_2018.jpg\" alt=\"TEPCV Arboretum 11 janvier 2018\" width=\"500\" height=\"375\" srcset=\"https:\/\/www.haut-vallespir.fr\/wp-content\/uploads\/2018\/07\/arboretum_11_01_2018.jpg 500w, https:\/\/www.haut-vallespir.fr\/wp-content\/uploads\/2018\/07\/arboretum_11_01_2018-300x225.jpg 300w\" sizes=\"(max-width: 500px) 100vw, 500px\" \/>Domaine d\u2019action\u00a0: l\u2019\u00e9ducation \u00e0 l\u2019environnement<\/strong><\/h2>\n<p>Relativement \u00e0 la d\u00e9marche TEPCV, la Communaut\u00e9 de Communes du Haut Vallespir s\u2019engage \u00e0 revaloriser l\u2019arboretum de Sant Guillem,\u00a0sur la commune de <strong>Le Tech<\/strong>, \u00e0 travers la cr\u00e9ation d\u2019un sentier d\u2019interpr\u00e9tation autour de la biodiversit\u00e9 foresti\u00e8re.<\/p>\n<p>Les plantations de l\u2019arboretum de l\u2019Office National des For\u00eats (ONF) d\u00e9but\u00e8rent en 1958. Plus de 70 essences y furent install\u00e9es. L\u2019objectif consistait \u00e0 \u00e9tudier leur adaptation et identifier celles qui conviennent le mieux \u00e0 l\u2019altitude (entre 1168m et 1256m), le climat (montagnard m\u00e9diterran\u00e9en) et l\u2019exposition du territoire (versant Sud du Canig\u00f3), afin de repeupler le massif pour lutter contre l\u2019\u00e9rosion.<\/p>\n<p>Actuellement, il r\u00e9unit une diversit\u00e9 g\u00e9n\u00e9tique d&rsquo;une cinquantaine d&rsquo;esp\u00e8ces, faisant de ce lieu une richesse d\u2019int\u00e9r\u00eat patrimonial. Seul le continent oc\u00e9anique n\u2019y est pas repr\u00e9sent\u00e9. Malheureusement, l&rsquo;arboretum a \u00e9t\u00e9 fortement endommag\u00e9 par la temp\u00eate Klaus en 2009. Il s&rsquo;agit donc de le r\u00e9habiliter et de promouvoir ce patrimoine naturel et culturel, de fa\u00e7on ludique. \u00c9tant donn\u00e9 sa proximit\u00e9 avec le <a href=\"https:\/\/www.refugesantguillem.com\/\" target=\"_blank\" rel=\"noopener\">Refuge de Sant Guillem<\/a>, sa r\u00e9habilitation permettra de compl\u00e9ter le r\u00e9seau de promenades et randonn\u00e9es en offrant une excursion p\u00e9dagogique.<\/p>\n<p>Le Pays Pyr\u00e9n\u00e9es M\u00e9diterran\u00e9e assura l\u2019animation et le suivi du projet de fa\u00e7on conjointe avec la collectivit\u00e9.<\/p>\n<p>&nbsp;<\/p>\n<p>&nbsp;<\/p>\n<p><a href=\"https:\/\/www.haut-vallespir.fr\/developpement-durable\/territoire-a-energie-positive-pour-la-croissance-verte\/\" target=\"_blank\" rel=\"noopener\">TEPCV : Qu\u00e8 \u00e9s aix\u00f2?<\/a><\/p>\n<p><a href=\"https:\/\/www.haut-vallespir.fr\/wp-content\/uploads\/2018\/07\/programme-actions-complet-tepcv.pdf\" target=\"_blank\" rel=\"noopener\">Programme d&rsquo;actions complet TEPCV<\/a><\/p>\n<p><a href=\"https:\/\/www.haut-vallespir.fr\/wp-content\/uploads\/2018\/07\/convention-tepcv.pdf\" target=\"_blank\" rel=\"noopener\">Convention TEPCV<\/a><\/p>\n<p>&nbsp;<\/p>\n","protected":false},"excerpt":{"rendered":"<p>&nbsp; TEPCV : l&rsquo;action de la Communaut\u00e9 de Communes &nbsp; Dans le cadre de la reconnaissance du Pays Pyr\u00e9n\u00e9es M\u00e9diterran\u00e9e comme \u00ab\u00a0Territoire \u00e0 \u00c9nergie Positive pour la Croissance Verte\u00a0\u00bb (TEPCV), 20 ma\u00eetres d&rsquo;ouvrages au total ont b\u00e9n\u00e9fici\u00e9\/b\u00e9n\u00e9ficieront d&rsquo;une part de l&rsquo;aide financi\u00e8re \u00ab\u00a0Fond de Financement pour la Transition \u00c9nerg\u00e9tique\u00a0\u00bb, repr\u00e9sentant une enveloppe de 2 millions [&hellip;]<\/p>\n","protected":false},"author":5,"featured_media":840,"comment_status":"closed","ping_status":"closed","sticky":false,"template":"","format":"standard","meta":{"footnotes":""},"categories":[98,227,238],"tags":[142,240],"_links":{"self":[{"href":"https:\/\/www.haut-vallespir.fr\/index.php?rest_route=\/wp\/v2\/posts\/830"}],"collection":[{"href":"https:\/\/www.haut-vallespir.fr\/index.php?rest_route=\/wp\/v2\/posts"}],"about":[{"href":"https:\/\/www.haut-vallespir.fr\/index.php?rest_route=\/wp\/v2\/types\/post"}],"author":[{"embeddable":true,"href":"https:\/\/www.haut-vallespir.fr\/index.php?rest_route=\/wp\/v2\/users\/5"}],"replies":[{"embeddable":true,"href":"https:\/\/www.haut-vallespir.fr\/index.php?rest_route=%2Fwp%2Fv2%2Fcomments&post=830"}],"version-history":[{"count":29,"href":"https:\/\/www.haut-vallespir.fr\/index.php?rest_route=\/wp\/v2\/posts\/830\/revisions"}],"predecessor-version":[{"id":886,"href":"https:\/\/www.haut-vallespir.fr\/index.php?rest_route=\/wp\/v2\/posts\/830\/revisions\/886"}],"wp:featuredmedia":[{"embeddable":true,"href":"https:\/\/www.haut-vallespir.fr\/index.php?rest_route=\/wp\/v2\/media\/840"}],"wp:attachment":[{"href":"https:\/\/www.haut-vallespir.fr\/index.php?rest_route=%2Fwp%2Fv2%2Fmedia&parent=830"}],"wp:term":[{"taxonomy":"category","embeddable":true,"href":"https:\/\/www.haut-vallespir.fr\/index.php?rest_route=%2Fwp%2Fv2%2Fcategories&post=830"},{"taxonomy":"post_tag","embeddable":true,"href":"https:\/\/www.haut-vallespir.fr\/index.php?rest_route=%2Fwp%2Fv2%2Ftags&post=830"}],"curies":[{"name":"wp","href":"https:\/\/api.w.org\/{rel}","templated":true}]}}