{"id":8017,"date":"2026-03-19T10:10:14","date_gmt":"2026-03-19T09:10:14","guid":{"rendered":"https:\/\/www.haut-vallespir.fr\/?p=8017"},"modified":"2026-04-20T15:19:32","modified_gmt":"2026-04-20T14:19:32","slug":"conseil-communautaire-du-26-fevrier-2026","status":"publish","type":"post","link":"https:\/\/www.haut-vallespir.fr\/?p=8017","title":{"rendered":"Conseil Communautaire du 26 f\u00e9vrier 2026"},"content":{"rendered":"<h1>Conseil Communautaire : S\u00e9ance du 26 f\u00e9vrier 2026 \u00e0 18h30,\u00a0 Centre Sud Canig\u00f3 \u00e0 Arles sur Tech<\/h1>\n<p style=\"text-align: center;\"><div class=\"sdm_download_item \"><div class=\"sdm_download_item_top\"><div class=\"sdm_download_thumbnail\"><\/div><div class=\"sdm_download_title\">Avis de r\u00e9union 26.02.2026<\/div><\/div><div style=\"clear:both;\"><\/div><div class=\"sdm_download_description\"><\/div><div class=\"sdm_download_link\"><span class=\"sdm_download_button\"><a href=\"https:\/\/www.haut-vallespir.fr\/?sdm_process_download=1&download_id=7907\" class=\"sdm_download green\" title=\"Avis de r\u00e9union 26.02.2026\" target=\"_self\">T\u00e9l\u00e9charger<\/a><\/span><span class=\"sdm_download_item_count\"><span class=\"sdm_item_count_number\">745<\/span><span class=\"sdm_item_count_string\"> T\u00e9l\u00e9chargements<\/span><\/span><\/div><\/div><div class=\"sdm_clear_float\"><\/div><\/p>\n<p style=\"text-align: center;\"><div class=\"sdm_download_item \"><div class=\"sdm_download_item_top\"><div class=\"sdm_download_thumbnail\"><\/div><div class=\"sdm_download_title\">Liste des d\u00e9cisions administratives et d\u00e9lib\u00e9rations 26.02.2026<\/div><\/div><div style=\"clear:both;\"><\/div><div class=\"sdm_download_description\"><\/div><div class=\"sdm_download_link\"><span class=\"sdm_download_button\"><a href=\"https:\/\/www.haut-vallespir.fr\/?sdm_process_download=1&download_id=8018\" class=\"sdm_download green\" title=\"Liste des d\u00e9cisions administratives et d\u00e9lib\u00e9rations 26.02.2026\" target=\"_self\">T\u00e9l\u00e9charger<\/a><\/span><span class=\"sdm_download_item_count\"><span class=\"sdm_item_count_number\">95<\/span><span class=\"sdm_item_count_string\"> T\u00e9l\u00e9chargements<\/span><\/span><\/div><\/div><div class=\"sdm_clear_float\"><\/div><\/p>\n<p style=\"text-align: center;\"><div class=\"sdm_download_item \"><div class=\"sdm_download_item_top\"><div class=\"sdm_download_thumbnail\"><\/div><div class=\"sdm_download_title\">Proc\u00e8s verbal du 26 f\u00e9vrier 2026<\/div><\/div><div style=\"clear:both;\"><\/div><div class=\"sdm_download_description\"><\/div><div class=\"sdm_download_link\"><span class=\"sdm_download_button\"><a href=\"https:\/\/www.haut-vallespir.fr\/?sdm_process_download=1&download_id=8036\" class=\"sdm_download green\" title=\"Proc\u00e8s verbal du 26 f\u00e9vrier 2026\" target=\"_self\">T\u00e9l\u00e9charger<\/a><\/span><span class=\"sdm_download_item_count\"><span class=\"sdm_item_count_number\">22<\/span><span class=\"sdm_item_count_string\"> T\u00e9l\u00e9chargements<\/span><\/span><\/div><\/div><div class=\"sdm_clear_float\"><\/div><\/p>\n","protected":false},"excerpt":{"rendered":"<p>Conseil Communautaire : S\u00e9ance du 26 f\u00e9vrier 2026 \u00e0 18h30,\u00a0 Centre Sud Canig\u00f3 \u00e0 Arles sur Tech<\/p>\n","protected":false},"author":4,"featured_media":0,"comment_status":"closed","ping_status":"closed","sticky":false,"template":"","format":"standard","meta":{"footnotes":""},"categories":[391,148],"tags":[],"_links":{"self":[{"href":"https:\/\/www.haut-vallespir.fr\/index.php?rest_route=\/wp\/v2\/posts\/8017"}],"collection":[{"href":"https:\/\/www.haut-vallespir.fr\/index.php?rest_route=\/wp\/v2\/posts"}],"about":[{"href":"https:\/\/www.haut-vallespir.fr\/index.php?rest_route=\/wp\/v2\/types\/post"}],"author":[{"embeddable":true,"href":"https:\/\/www.haut-vallespir.fr\/index.php?rest_route=\/wp\/v2\/users\/4"}],"replies":[{"embeddable":true,"href":"https:\/\/www.haut-vallespir.fr\/index.php?rest_route=%2Fwp%2Fv2%2Fcomments&post=8017"}],"version-history":[{"count":3,"href":"https:\/\/www.haut-vallespir.fr\/index.php?rest_route=\/wp\/v2\/posts\/8017\/revisions"}],"predecessor-version":[{"id":8035,"href":"https:\/\/www.haut-vallespir.fr\/index.php?rest_route=\/wp\/v2\/posts\/8017\/revisions\/8035"}],"wp:attachment":[{"href":"https:\/\/www.haut-vallespir.fr\/index.php?rest_route=%2Fwp%2Fv2%2Fmedia&parent=8017"}],"wp:term":[{"taxonomy":"category","embeddable":true,"href":"https:\/\/www.haut-vallespir.fr\/index.php?rest_route=%2Fwp%2Fv2%2Fcategories&post=8017"},{"taxonomy":"post_tag","embeddable":true,"href":"https:\/\/www.haut-vallespir.fr\/index.php?rest_route=%2Fwp%2Fv2%2Ftags&post=8017"}],"curies":[{"name":"wp","href":"https:\/\/api.w.org\/{rel}","templated":true}]}}