{"id":7549,"date":"2025-09-01T10:40:44","date_gmt":"2025-09-01T09:40:44","guid":{"rendered":"https:\/\/www.haut-vallespir.fr\/?p=7549"},"modified":"2025-09-01T10:40:44","modified_gmt":"2025-09-01T09:40:44","slug":"demenagement-des-services-administratifs-de-la-communaute-de-communes-du-haut-vallespir","status":"publish","type":"post","link":"https:\/\/www.haut-vallespir.fr\/?p=7549","title":{"rendered":"D\u00c9M\u00c9NAGEMENT DES SERVICES ADMINISTRATIFS DE LA COMMUNAUT\u00c9 DE COMMUNES DU HAUT VALLESPIR"},"content":{"rendered":"<h6><span class=\"x1xsqp64 xiy17q3 x1o6pynw x19co3pv xdj266r xjn30re xat24cr x1hb08if x2b8uid\" data-testid=\"emoji\"><span class=\"xexx8yu xcaqkgz x18d9i69 xbwkkl7 x3jgonx x1bhl96m\">\u26a0\ufe0f<\/span><\/span> D\u00c9M\u00c9NAGEMENT DES SERVICES ADMINISTRATIFS DE LA COMMUNAUT\u00c9 DE COMMUNES DU HAUT VALLESPIR <span class=\"x1xsqp64 xiy17q3 x1o6pynw x19co3pv xdj266r xjn30re xat24cr x1hb08if x2b8uid\" data-testid=\"emoji\"><span class=\"xexx8yu xcaqkgz x18d9i69 xbwkkl7 x3jgonx x1bhl96m\">\u26a0\ufe0f<\/span><\/span><\/p>\n<p>En raison de travaux au si\u00e8ge de la Communaut\u00e9 de Communes, les services administratifs seront transf\u00e9r\u00e9s \u00e0 compter du 02 septembre 2025 \u00e0 :<\/p>\n<p>ANCIENNE \u00c9COLE DE PALALDA<br \/>\n2 RUE G\u00c9N\u00c9RAL DE GAULLE<br \/>\nPALALDA<\/p>\n<p>Les services Jeunesse et Cantines sont d\u00e8s \u00e0 pr\u00e9sent transf\u00e9r\u00e9s \u00e0 :<\/p>\n<p>M\u00c9DIATH\u00c8QUE D&rsquo;ARLES SUR TECH (MASA)<br \/>\n32 RUE BARRI D&rsquo;AMONT<br \/>\nARLES SUR TECH<\/p>\n<p>Pour toutes informations, veuillez nous contacter au 04 68 21 82 05<\/h6>\n","protected":false},"excerpt":{"rendered":"<p>\u26a0\ufe0f D\u00c9M\u00c9NAGEMENT DES SERVICES ADMINISTRATIFS DE LA COMMUNAUT\u00c9 DE COMMUNES DU HAUT VALLESPIR \u26a0\ufe0f En raison de travaux au si\u00e8ge de la Communaut\u00e9 de Communes, les services administratifs seront transf\u00e9r\u00e9s \u00e0 compter du 02 septembre 2025 \u00e0 : ANCIENNE \u00c9COLE DE PALALDA 2 RUE G\u00c9N\u00c9RAL DE GAULLE PALALDA Les services Jeunesse et Cantines sont d\u00e8s [&hellip;]<\/p>\n","protected":false},"author":4,"featured_media":0,"comment_status":"closed","ping_status":"closed","sticky":false,"template":"","format":"standard","meta":{"footnotes":""},"categories":[272,391],"tags":[],"_links":{"self":[{"href":"https:\/\/www.haut-vallespir.fr\/index.php?rest_route=\/wp\/v2\/posts\/7549"}],"collection":[{"href":"https:\/\/www.haut-vallespir.fr\/index.php?rest_route=\/wp\/v2\/posts"}],"about":[{"href":"https:\/\/www.haut-vallespir.fr\/index.php?rest_route=\/wp\/v2\/types\/post"}],"author":[{"embeddable":true,"href":"https:\/\/www.haut-vallespir.fr\/index.php?rest_route=\/wp\/v2\/users\/4"}],"replies":[{"embeddable":true,"href":"https:\/\/www.haut-vallespir.fr\/index.php?rest_route=%2Fwp%2Fv2%2Fcomments&post=7549"}],"version-history":[{"count":3,"href":"https:\/\/www.haut-vallespir.fr\/index.php?rest_route=\/wp\/v2\/posts\/7549\/revisions"}],"predecessor-version":[{"id":7552,"href":"https:\/\/www.haut-vallespir.fr\/index.php?rest_route=\/wp\/v2\/posts\/7549\/revisions\/7552"}],"wp:attachment":[{"href":"https:\/\/www.haut-vallespir.fr\/index.php?rest_route=%2Fwp%2Fv2%2Fmedia&parent=7549"}],"wp:term":[{"taxonomy":"category","embeddable":true,"href":"https:\/\/www.haut-vallespir.fr\/index.php?rest_route=%2Fwp%2Fv2%2Fcategories&post=7549"},{"taxonomy":"post_tag","embeddable":true,"href":"https:\/\/www.haut-vallespir.fr\/index.php?rest_route=%2Fwp%2Fv2%2Ftags&post=7549"}],"curies":[{"name":"wp","href":"https:\/\/api.w.org\/{rel}","templated":true}]}}