{"id":669,"date":"2018-04-12T15:04:53","date_gmt":"2018-04-12T14:04:53","guid":{"rendered":"https:\/\/www.haut-vallespir.fr\/?p=669"},"modified":"2018-11-05T13:52:11","modified_gmt":"2018-11-05T12:52:11","slug":"conseil-communautaire-du-%ef%bb%bf%ef%bb%bf12-avril-2018","status":"publish","type":"post","link":"https:\/\/www.haut-vallespir.fr\/?p=669","title":{"rendered":"Conseil Communautaire du \ufeff\ufeff12 avril 2018"},"content":{"rendered":"<h3>Ordre du Jour<\/h3>\n<p>1\/ Vote Comptes Administratifs Budget Principal 2017 + Budgets Annexes<br \/>\n2\/ Vote Compte de Gestion Budgets 2017 (Principal et Annexes)<br \/>\n3 \/ Affectation de r\u00e9sultat Budget Principal 2017 + Budgets Annexes<br \/>\n4 \/ Attribution de compensation<br \/>\n5 \/ Vote Taux CFE\/ TH\/ TF non b\u00e2ti et b\u00e2ti\/ TEOM\/ Redevance Camping 2018<br \/>\n6 \/ Vote Budget Principal 2018 et Budgets Annexes<br \/>\n7 \/ Virement Budget Principal aux Budgets Annexes<br \/>\n8 \/ Subventions fonctionnement<br \/>\n9 \/ Emprunts 2018<br \/>\n10 \/ Programme investissement et travaux 2018<br \/>\n11 \/ Personnel communautaire \u2013 Tableau des effectifs \/ Cr\u00e9ation de postes<br \/>\n12 \/ D\u00e9chetterie March\u00e9 + Bail Alzine<br \/>\n13 \/ GEMAPI &#8211; D\u00e9signation d\u2019un d\u00e9l\u00e9gu\u00e9 Syndicat Bassin Versant de la T\u00eat<br \/>\n14\/ Retour d\u2019un bien \u00e0 la Commune d\u2019Arles &#8211; Salle Ecole de Musique<\/p>\n<a\n\thref=\"https:\/\/www.haut-vallespir.fr\/wp-content\/uploads\/2018\/06\/COMPTE-RENDU-CONSEIL-COM-12-04-18.pdf\"\n\ttarget=\"_blank\"\tid=\"ait-sc-button-1\"\n\tclass=\"ait-sc-button alignnone  buticon-right    simple\"\n\tstyle=\"width:200px;\"\n>\n\t<span class=\"container\">\n\t\t<span class=\"wrap\">\n\n\t\t\t\t\t\t\t\t\t\t\n\t\t\t\t\t\t<span class=\"text\" style=\"text-align:center;\">\n\t\t\t\t\t\t\t\t<span class=\"title\" style=\"\">\n\t\t\t\t\tT\u00e9lecharger\t\t\t\t<\/span>\n\t\t\t\t\t\t\t\t\t\t\t<\/span>\n\t\t\t\n\t\t\t\t\t\t\t\t\t\t\t\t<span class=\"icon\" style=\"text-align:center;\">\n\t\t\t\t\t\t<i class=\"fa fa-clipboard\" ><\/i>\n\t\t\t\t\t<\/span>\n\t\t\t\t\t\t\t\t\t<\/span>\n\t<\/span>\n<\/a>\n\n","protected":false},"excerpt":{"rendered":"<p>Ordre du Jour 1\/ Vote Comptes Administratifs Budget Principal 2017 + Budgets Annexes 2\/ Vote Compte de Gestion Budgets 2017 (Principal et Annexes) 3 \/ Affectation de r\u00e9sultat Budget Principal 2017 + Budgets Annexes 4 \/ Attribution de compensation 5 \/ Vote Taux CFE\/ TH\/ TF non b\u00e2ti et b\u00e2ti\/ TEOM\/ Redevance Camping 2018 6 [&hellip;]<\/p>\n","protected":false},"author":2,"featured_media":987,"comment_status":"closed","ping_status":"closed","sticky":false,"template":"","format":"standard","meta":{"footnotes":""},"categories":[148],"tags":[266],"_links":{"self":[{"href":"https:\/\/www.haut-vallespir.fr\/index.php?rest_route=\/wp\/v2\/posts\/669"}],"collection":[{"href":"https:\/\/www.haut-vallespir.fr\/index.php?rest_route=\/wp\/v2\/posts"}],"about":[{"href":"https:\/\/www.haut-vallespir.fr\/index.php?rest_route=\/wp\/v2\/types\/post"}],"author":[{"embeddable":true,"href":"https:\/\/www.haut-vallespir.fr\/index.php?rest_route=\/wp\/v2\/users\/2"}],"replies":[{"embeddable":true,"href":"https:\/\/www.haut-vallespir.fr\/index.php?rest_route=%2Fwp%2Fv2%2Fcomments&post=669"}],"version-history":[{"count":5,"href":"https:\/\/www.haut-vallespir.fr\/index.php?rest_route=\/wp\/v2\/posts\/669\/revisions"}],"predecessor-version":[{"id":766,"href":"https:\/\/www.haut-vallespir.fr\/index.php?rest_route=\/wp\/v2\/posts\/669\/revisions\/766"}],"wp:featuredmedia":[{"embeddable":true,"href":"https:\/\/www.haut-vallespir.fr\/index.php?rest_route=\/wp\/v2\/media\/987"}],"wp:attachment":[{"href":"https:\/\/www.haut-vallespir.fr\/index.php?rest_route=%2Fwp%2Fv2%2Fmedia&parent=669"}],"wp:term":[{"taxonomy":"category","embeddable":true,"href":"https:\/\/www.haut-vallespir.fr\/index.php?rest_route=%2Fwp%2Fv2%2Fcategories&post=669"},{"taxonomy":"post_tag","embeddable":true,"href":"https:\/\/www.haut-vallespir.fr\/index.php?rest_route=%2Fwp%2Fv2%2Ftags&post=669"}],"curies":[{"name":"wp","href":"https:\/\/api.w.org\/{rel}","templated":true}]}}