{"id":5842,"date":"2024-05-24T13:21:59","date_gmt":"2024-05-24T12:21:59","guid":{"rendered":"https:\/\/www.haut-vallespir.fr\/?p=5842"},"modified":"2024-06-06T12:55:01","modified_gmt":"2024-06-06T11:55:01","slug":"sydetom-66-inauguration-de-la-plateforme-de-stockage-et-de-broyage-des-dechets-verts","status":"publish","type":"post","link":"https:\/\/www.haut-vallespir.fr\/?p=5842","title":{"rendered":"Sydetom 66 &#8211; Inauguration de la plateforme de stockage et de broyage des d\u00e9chets-verts."},"content":{"rendered":"<h6>Le Sydetom 66 inaugurait ce 24 mai 2024 la plateforme de stockage et de broyage des d\u00e9chets-verts.<\/h6>\n<p>L\u2019op\u00e9ration, initi\u00e9e en 2022 suite \u00e0 la fermeture du quai de transfert de Saint Laurent de Cerdans, s\u2019inscrit dans une d\u00e9marche de d\u00e9veloppement durable et de pr\u00e9servation de l\u2019environnement puisqu\u2019elle permet d\u00e9sormais d\u2019\u00e9viter le transport des d\u00e9chets &#8211; verts provenant du territoire du Haut Vallespir vers la plateforme du Boulou. Accol\u00e9 \u00e0 la d\u00e9chetterie d\u2019Arles sur Tech, cet \u00e9quipement s\u2019\u00e9tend sur une superficie de 2500 m2.<\/p>\n<p>Le montant de l\u2019investissement s\u2019est \u00e9lev\u00e9 \u00e0 pr\u00e8s de 600 000 euros, enti\u00e8rement support\u00e9 par le Sydetom 66. Le lancement officiel de la plateforme s\u2019est effectu\u00e9 en pr\u00e9sence de Monsieur Bruno VALIENTE (Pr\u00e9sident du Sydetom 66), de Madame la S\u00e9natrice Lauriane JOSENDE, de Madame la Sous-Pr\u00e9f\u00e8te Clara THOMAS, de Monsieur Alexandre REYNAL (Vice-Pr\u00e9sident du Conseil D\u00e9partemental), de Monsieur Claude FERRER (Pr\u00e9sident de la Communaut\u00e9 de Communes du Haut Vallespir), de Monsieur David PLANAS (Maire d\u2019Arles sur Tech et Vice-Pr\u00e9sident de la Communaut\u00e9 de Communes du Haut Vallespir), de Madame Marie Jo MACABIES (Maire de Montbolo), de Monsieur Louis CASEILLES (Maire de Saint Laurent de Cerdans) des \u00e9lus du comit\u00e9 syndical et des conseillers communautaires.<\/p>\n<p><a href=\"https:\/\/www.haut-vallespir.fr\/wp-content\/uploads\/2024\/05\/IMG_7407-rotated.jpg\"><img loading=\"lazy\" decoding=\"async\" class=\"alignnone size-medium wp-image-5843\" src=\"https:\/\/www.haut-vallespir.fr\/wp-content\/uploads\/2024\/05\/IMG_7407-300x225.jpg\" alt=\"\" width=\"300\" height=\"225\" srcset=\"https:\/\/www.haut-vallespir.fr\/wp-content\/uploads\/2024\/05\/IMG_7407-300x225.jpg 300w, https:\/\/www.haut-vallespir.fr\/wp-content\/uploads\/2024\/05\/IMG_7407-1024x768.jpg 1024w, https:\/\/www.haut-vallespir.fr\/wp-content\/uploads\/2024\/05\/IMG_7407-768x576.jpg 768w, https:\/\/www.haut-vallespir.fr\/wp-content\/uploads\/2024\/05\/IMG_7407-1536x1152.jpg 1536w, https:\/\/www.haut-vallespir.fr\/wp-content\/uploads\/2024\/05\/IMG_7407-rotated.jpg 2016w\" sizes=\"(max-width: 300px) 100vw, 300px\" \/><\/a> <a href=\"https:\/\/www.haut-vallespir.fr\/wp-content\/uploads\/2024\/05\/IMG_7409-rotated.jpg\"><img loading=\"lazy\" decoding=\"async\" class=\"alignnone wp-image-5844 size-medium\" src=\"https:\/\/www.haut-vallespir.fr\/wp-content\/uploads\/2024\/05\/IMG_7409-300x225.jpg\" alt=\"\" width=\"300\" height=\"225\" srcset=\"https:\/\/www.haut-vallespir.fr\/wp-content\/uploads\/2024\/05\/IMG_7409-300x225.jpg 300w, https:\/\/www.haut-vallespir.fr\/wp-content\/uploads\/2024\/05\/IMG_7409-1024x768.jpg 1024w, https:\/\/www.haut-vallespir.fr\/wp-content\/uploads\/2024\/05\/IMG_7409-768x576.jpg 768w, https:\/\/www.haut-vallespir.fr\/wp-content\/uploads\/2024\/05\/IMG_7409-1536x1152.jpg 1536w, https:\/\/www.haut-vallespir.fr\/wp-content\/uploads\/2024\/05\/IMG_7409-rotated.jpg 2016w\" sizes=\"(max-width: 300px) 100vw, 300px\" \/><\/a> <a href=\"https:\/\/www.haut-vallespir.fr\/wp-content\/uploads\/2024\/05\/IMG_7414-rotated.jpg\"><img loading=\"lazy\" decoding=\"async\" class=\"alignnone wp-image-5845 size-medium\" src=\"https:\/\/www.haut-vallespir.fr\/wp-content\/uploads\/2024\/05\/IMG_7414-300x225.jpg\" alt=\"\" width=\"300\" height=\"225\" srcset=\"https:\/\/www.haut-vallespir.fr\/wp-content\/uploads\/2024\/05\/IMG_7414-300x225.jpg 300w, https:\/\/www.haut-vallespir.fr\/wp-content\/uploads\/2024\/05\/IMG_7414-1024x768.jpg 1024w, https:\/\/www.haut-vallespir.fr\/wp-content\/uploads\/2024\/05\/IMG_7414-768x576.jpg 768w, https:\/\/www.haut-vallespir.fr\/wp-content\/uploads\/2024\/05\/IMG_7414-1536x1152.jpg 1536w, https:\/\/www.haut-vallespir.fr\/wp-content\/uploads\/2024\/05\/IMG_7414-rotated.jpg 2016w\" sizes=\"(max-width: 300px) 100vw, 300px\" \/><\/a> <a href=\"https:\/\/www.haut-vallespir.fr\/wp-content\/uploads\/2024\/05\/IMG_7417-rotated.jpg\"><img loading=\"lazy\" decoding=\"async\" class=\"alignnone wp-image-5846 size-medium\" src=\"https:\/\/www.haut-vallespir.fr\/wp-content\/uploads\/2024\/05\/IMG_7417-300x225.jpg\" alt=\"\" width=\"300\" height=\"225\" srcset=\"https:\/\/www.haut-vallespir.fr\/wp-content\/uploads\/2024\/05\/IMG_7417-300x225.jpg 300w, https:\/\/www.haut-vallespir.fr\/wp-content\/uploads\/2024\/05\/IMG_7417-1024x768.jpg 1024w, https:\/\/www.haut-vallespir.fr\/wp-content\/uploads\/2024\/05\/IMG_7417-768x576.jpg 768w, https:\/\/www.haut-vallespir.fr\/wp-content\/uploads\/2024\/05\/IMG_7417-1536x1152.jpg 1536w, https:\/\/www.haut-vallespir.fr\/wp-content\/uploads\/2024\/05\/IMG_7417-rotated.jpg 2016w\" sizes=\"(max-width: 300px) 100vw, 300px\" \/><\/a> <a href=\"https:\/\/www.haut-vallespir.fr\/wp-content\/uploads\/2024\/05\/IMG_7419-rotated.jpg\"><img loading=\"lazy\" decoding=\"async\" class=\"alignnone wp-image-5847 size-medium\" src=\"https:\/\/www.haut-vallespir.fr\/wp-content\/uploads\/2024\/05\/IMG_7419-300x225.jpg\" alt=\"\" width=\"300\" height=\"225\" srcset=\"https:\/\/www.haut-vallespir.fr\/wp-content\/uploads\/2024\/05\/IMG_7419-300x225.jpg 300w, https:\/\/www.haut-vallespir.fr\/wp-content\/uploads\/2024\/05\/IMG_7419-1024x768.jpg 1024w, https:\/\/www.haut-vallespir.fr\/wp-content\/uploads\/2024\/05\/IMG_7419-768x576.jpg 768w, https:\/\/www.haut-vallespir.fr\/wp-content\/uploads\/2024\/05\/IMG_7419-1536x1152.jpg 1536w, https:\/\/www.haut-vallespir.fr\/wp-content\/uploads\/2024\/05\/IMG_7419-rotated.jpg 2016w\" sizes=\"(max-width: 300px) 100vw, 300px\" \/><\/a><\/p>\n","protected":false},"excerpt":{"rendered":"<p>Le Sydetom 66 inaugurait ce 24 mai 2024 la plateforme de stockage et de broyage des d\u00e9chets-verts. L\u2019op\u00e9ration, initi\u00e9e en 2022 suite \u00e0 la fermeture du quai de transfert de Saint Laurent de Cerdans, s\u2019inscrit dans une d\u00e9marche de d\u00e9veloppement durable et de pr\u00e9servation de l\u2019environnement puisqu\u2019elle permet d\u00e9sormais d\u2019\u00e9viter le transport des d\u00e9chets &#8211; [&hellip;]<\/p>\n","protected":false},"author":4,"featured_media":5845,"comment_status":"closed","ping_status":"closed","sticky":false,"template":"","format":"standard","meta":{"footnotes":""},"categories":[391,98,100],"tags":[],"_links":{"self":[{"href":"https:\/\/www.haut-vallespir.fr\/index.php?rest_route=\/wp\/v2\/posts\/5842"}],"collection":[{"href":"https:\/\/www.haut-vallespir.fr\/index.php?rest_route=\/wp\/v2\/posts"}],"about":[{"href":"https:\/\/www.haut-vallespir.fr\/index.php?rest_route=\/wp\/v2\/types\/post"}],"author":[{"embeddable":true,"href":"https:\/\/www.haut-vallespir.fr\/index.php?rest_route=\/wp\/v2\/users\/4"}],"replies":[{"embeddable":true,"href":"https:\/\/www.haut-vallespir.fr\/index.php?rest_route=%2Fwp%2Fv2%2Fcomments&post=5842"}],"version-history":[{"count":6,"href":"https:\/\/www.haut-vallespir.fr\/index.php?rest_route=\/wp\/v2\/posts\/5842\/revisions"}],"predecessor-version":[{"id":5853,"href":"https:\/\/www.haut-vallespir.fr\/index.php?rest_route=\/wp\/v2\/posts\/5842\/revisions\/5853"}],"wp:featuredmedia":[{"embeddable":true,"href":"https:\/\/www.haut-vallespir.fr\/index.php?rest_route=\/wp\/v2\/media\/5845"}],"wp:attachment":[{"href":"https:\/\/www.haut-vallespir.fr\/index.php?rest_route=%2Fwp%2Fv2%2Fmedia&parent=5842"}],"wp:term":[{"taxonomy":"category","embeddable":true,"href":"https:\/\/www.haut-vallespir.fr\/index.php?rest_route=%2Fwp%2Fv2%2Fcategories&post=5842"},{"taxonomy":"post_tag","embeddable":true,"href":"https:\/\/www.haut-vallespir.fr\/index.php?rest_route=%2Fwp%2Fv2%2Ftags&post=5842"}],"curies":[{"name":"wp","href":"https:\/\/api.w.org\/{rel}","templated":true}]}}