{"id":561,"date":"2018-04-11T11:05:59","date_gmt":"2018-04-11T10:05:59","guid":{"rendered":"https:\/\/www.haut-vallespir.fr\/?p=561"},"modified":"2018-07-31T14:38:15","modified_gmt":"2018-07-31T13:38:15","slug":"le-refuge-de-sant-guillem","status":"publish","type":"post","link":"https:\/\/www.haut-vallespir.fr\/?p=561","title":{"rendered":"Le Refuge de Sant Guillem"},"content":{"rendered":"<p>&nbsp;<\/p>\n<p>&nbsp;<\/p>\n<h2><img loading=\"lazy\" decoding=\"async\" class=\" wp-image-201 alignleft\" src=\"https:\/\/www.haut-vallespir.fr\/wp-content\/uploads\/2017\/12\/refuge-sant-guillem-300x199.jpg\" alt=\"refuge-sant-guillem\" width=\"359\" height=\"238\" srcset=\"https:\/\/www.haut-vallespir.fr\/wp-content\/uploads\/2017\/12\/refuge-sant-guillem-300x199.jpg 300w, https:\/\/www.haut-vallespir.fr\/wp-content\/uploads\/2017\/12\/refuge-sant-guillem.jpg 626w\" sizes=\"(max-width: 359px) 100vw, 359px\" \/><\/h2>\n<h1><strong>Le benjamin des refuges du massif<\/strong><\/h1>\n<p>Situ\u00e9 \u00e0 1283 m\u00e8tres d\u2019altitude sur la commune de Le Tech, <a href=\"https:\/\/www.refugesantguillem.com\/\" target=\"_blank\" rel=\"noopener\">le Refuge de Sant Guillem<\/a> fait partie du r\u00e9seau constitu\u00e9 par les\u00a0cinq refuges gard\u00e9s du <em><a href=\"http:\/\/www.canigo-grandsite.fr\/\" target=\"_blank\" rel=\"noopener\">Massif du Canig\u00f3<\/a><\/em>, class\u00e9 Grand Site de France. Implant\u00e9 sur le versant sud de ce dernier, il constitue un lieu strat\u00e9gique pour d\u00e9couvrir toute l&rsquo;ann\u00e9e, au travers de diverses randonn\u00e9es p\u00e9destre, \u00e9questre et VTT, un territoire riche en patrimoines.<\/p>\n<p>Avec une capacit\u00e9 de 40 couchages, dont 10 disponibles toute l\u2019ann\u00e9e en salle hors-sac, il associe confort et esprit refuge.<\/p>\n<p>Cette ancienne bergerie, dont la r\u00e9habilitation fut port\u00e9e par la Communaut\u00e9 de Communes du Haut Vallespir en 2014-2015, s\u2019inscrit dans une d\u00e9marche de d\u00e9veloppement et de tourisme durables.<\/p>\n<p>Pour favoriser la mobilit\u00e9 douce sur l\u2019ensemble du massif, l\u2019acc\u00e8s en voiture y est r\u00e9glement\u00e9.<\/p>\n<p>&nbsp;<\/p>\n<p>&nbsp;<\/p>\n<p>&nbsp;<\/p>\n<h2><strong>\u00c9co-construction<\/strong><\/h2>\n<h2><img loading=\"lazy\" decoding=\"async\" class=\"wp-image-199 alignright\" src=\"https:\/\/www.haut-vallespir.fr\/wp-content\/uploads\/2017\/12\/DSC01584-300x200.jpg\" alt=\"\" width=\"450\" height=\"300\" srcset=\"https:\/\/www.haut-vallespir.fr\/wp-content\/uploads\/2017\/12\/DSC01584-300x200.jpg 300w, https:\/\/www.haut-vallespir.fr\/wp-content\/uploads\/2017\/12\/DSC01584-768x511.jpg 768w, https:\/\/www.haut-vallespir.fr\/wp-content\/uploads\/2017\/12\/DSC01584-1024x681.jpg 1024w, https:\/\/www.haut-vallespir.fr\/wp-content\/uploads\/2017\/12\/DSC01584.jpg 1500w\" sizes=\"(max-width: 450px) 100vw, 450px\" \/><\/h2>\n<p>Le projet de r\u00e9habilitation du <a href=\"https:\/\/www.refugesantguillem.com\/\" target=\"_blank\" rel=\"noopener\">Refuge de Sant Guillem<\/a> r\u00e9pond aux normes Haute Qualit\u00e9 Environnementale\u202f: sa r\u00e9fection et son fonctionnement s\u2019inscrivent dans une d\u00e9marche qui vise \u00e0 limiter son impact sur l\u2019environnement :<\/p>\n<ul>\n<li>des capteurs solaires produisent l\u2019\u00e9nergie n\u00e9cessaire \u00e0 son fonctionnement. Des panneaux photovolta\u00efques g\u00e9n\u00e8rent de l\u2019\u00e9lectricit\u00e9. Des panneaux thermiques, coupl\u00e9s avec la chaudi\u00e8re \u00e0 bois b\u00fbches, cr\u00e9ent l\u2019\u00e9nergie calorifique pour l\u2019eau chaude et le chauffage au sol ;<\/li>\n<li>le syst\u00e8me d\u2019isolation (phonique et thermique) a fait l\u2019objet d\u2019une attention particuli\u00e8re, \u00e0 l&rsquo;instar des \u00e9quipements install\u00e9s, s\u00e9lectionn\u00e9s en fonction de leur qualit\u00e9 basse consommation ;<\/li>\n<li>l&rsquo;alimentation en eau est assur\u00e9e par un forage r\u00e9alis\u00e9 non loin du b\u00e2timent. Le syst\u00e8me de pompage repose sur l\u2019\u00e9nergie produite par le refuge. L\u2019assainissement est quant \u00e0 lui g\u00e9r\u00e9 par un dispositif enti\u00e8rement autonome ;<\/li>\n<li>l&rsquo;association du bois et de la pierre de la bergerie originelle l\u2019int\u00e8grent parfaitement dans son environnement ainsi que dans les p\u00e9rim\u00e8tres de protection du Grand site de France et de la Chapelle de Sant Guillem de Combret, inscrite au titre des Monuments Historiques.<\/li>\n<\/ul>\n<p>&nbsp;<\/p>\n<h2><strong>\u00c0 proximit\u00e9<\/strong><\/h2>\n<p><img loading=\"lazy\" decoding=\"async\" class=\" wp-image-608 alignleft\" src=\"https:\/\/www.haut-vallespir.fr\/wp-content\/uploads\/2018\/04\/chapelle_diversite_forestiere-300x229.png\" alt=\"Chapelle Sant Guillem et diversit\u00e9 foresti\u00e8re\" width=\"304\" height=\"232\" srcset=\"https:\/\/www.haut-vallespir.fr\/wp-content\/uploads\/2018\/04\/chapelle_diversite_forestiere-300x229.png 300w, https:\/\/www.haut-vallespir.fr\/wp-content\/uploads\/2018\/04\/chapelle_diversite_forestiere-768x586.png 768w, https:\/\/www.haut-vallespir.fr\/wp-content\/uploads\/2018\/04\/chapelle_diversite_forestiere-1024x781.png 1024w, https:\/\/www.haut-vallespir.fr\/wp-content\/uploads\/2018\/04\/chapelle_diversite_forestiere.png 1300w\" sizes=\"(max-width: 304px) 100vw, 304px\" \/>Le <a href=\"https:\/\/www.refugesantguillem.com\/\" target=\"_blank\" rel=\"noopener\">Refuge de Sant Guillem<\/a> est situ\u00e9 dans la for\u00eat domaniale du Haut Vallespir, plac\u00e9e sous la responsabilit\u00e9 de l\u2019Office National des For\u00eats, charg\u00e9 de g\u00e9rer et prot\u00e9ger le patrimoine forestier fran\u00e7ais.<\/p>\n<p>La diversit\u00e9 foresti\u00e8re sur ce secteur est \u00e0 l\u2019image de celle pr\u00e9sente sur les parcelles de l\u2019arboretum qui jouxte le refuge. Cr\u00e9\u00e9 dans les ann\u00e9es cinquante, cet espace avait pour but de comparer l\u2019\u00e9volution d\u2019esp\u00e8ces exotiques et indig\u00e8nes. Actuellement, la majorit\u00e9 des essences sont observables \u00e0 partir de deux chemins conventionn\u00e9s.<\/p>\n<p>Le Refuge de Sant Guillem est \u00e9galement situ\u00e9 dans le p\u00e9rim\u00e8tre de protection de la chapelle (priv\u00e9e) de l\u2019ermitage de Sant Guillem de Combret. Inscrite au titre des Monuments Historiques, la\u00a0forme trap\u00e9zo\u00efdale de son chevet est typique des chapelles pr\u00e9romanes du territoire.<\/p>\n<p>Originellement d\u00e9di\u00e9 \u00e0 Sainte Marie-Madeleine, l\u2019\u00e9difice prend le nom de Saint Guillem autour du XIII<sup>e<\/sup> si\u00e8cle. Deux p\u00e8lerinages y sont encore effectu\u00e9s\u202f: l\u2019un autour du 28 mai (pour la Saint Guillaume) et l\u2019autre le 22 juillet (\u00e0 la Sainte Madeleine). L\u2019ermitage mitoyen abritait notamment les p\u00e8lerins de Saint Michel de Cuxa \u00e0 destination de Saint Jacques de Compostelle.<\/p>\n<p>&nbsp;<\/p>\n<p>&nbsp;<\/p>\n<h5>Tarifs, Acc\u00e8s et Contact sur le site internet du <a href=\"https:\/\/www.refugesantguillem.com\/\" target=\"_blank\" rel=\"noopener\">Refuge de Sant Guillem<\/a><\/h5>\n","protected":false},"excerpt":{"rendered":"<p>&nbsp; &nbsp; Le benjamin des refuges du massif Situ\u00e9 \u00e0 1283 m\u00e8tres d\u2019altitude sur la commune de Le Tech, le Refuge de Sant Guillem fait partie du r\u00e9seau constitu\u00e9 par les\u00a0cinq refuges gard\u00e9s du Massif du Canig\u00f3, class\u00e9 Grand Site de France. Implant\u00e9 sur le versant sud de ce dernier, il constitue un lieu strat\u00e9gique [&hellip;]<\/p>\n","protected":false},"author":5,"featured_media":879,"comment_status":"closed","ping_status":"closed","sticky":false,"template":"","format":"standard","meta":{"footnotes":""},"categories":[227],"tags":[142,190],"_links":{"self":[{"href":"https:\/\/www.haut-vallespir.fr\/index.php?rest_route=\/wp\/v2\/posts\/561"}],"collection":[{"href":"https:\/\/www.haut-vallespir.fr\/index.php?rest_route=\/wp\/v2\/posts"}],"about":[{"href":"https:\/\/www.haut-vallespir.fr\/index.php?rest_route=\/wp\/v2\/types\/post"}],"author":[{"embeddable":true,"href":"https:\/\/www.haut-vallespir.fr\/index.php?rest_route=\/wp\/v2\/users\/5"}],"replies":[{"embeddable":true,"href":"https:\/\/www.haut-vallespir.fr\/index.php?rest_route=%2Fwp%2Fv2%2Fcomments&post=561"}],"version-history":[{"count":53,"href":"https:\/\/www.haut-vallespir.fr\/index.php?rest_route=\/wp\/v2\/posts\/561\/revisions"}],"predecessor-version":[{"id":903,"href":"https:\/\/www.haut-vallespir.fr\/index.php?rest_route=\/wp\/v2\/posts\/561\/revisions\/903"}],"wp:featuredmedia":[{"embeddable":true,"href":"https:\/\/www.haut-vallespir.fr\/index.php?rest_route=\/wp\/v2\/media\/879"}],"wp:attachment":[{"href":"https:\/\/www.haut-vallespir.fr\/index.php?rest_route=%2Fwp%2Fv2%2Fmedia&parent=561"}],"wp:term":[{"taxonomy":"category","embeddable":true,"href":"https:\/\/www.haut-vallespir.fr\/index.php?rest_route=%2Fwp%2Fv2%2Fcategories&post=561"},{"taxonomy":"post_tag","embeddable":true,"href":"https:\/\/www.haut-vallespir.fr\/index.php?rest_route=%2Fwp%2Fv2%2Ftags&post=561"}],"curies":[{"name":"wp","href":"https:\/\/api.w.org\/{rel}","templated":true}]}}