{"id":5234,"date":"2024-01-23T10:17:34","date_gmt":"2024-01-23T09:17:34","guid":{"rendered":"https:\/\/www.haut-vallespir.fr\/?p=5234"},"modified":"2024-01-23T10:17:34","modified_gmt":"2024-01-23T09:17:34","slug":"dechetteries-de-prats-de-mollo-la-preste-et-saint-laurent-de-cerdans-jours-de-fermeture","status":"publish","type":"post","link":"https:\/\/www.haut-vallespir.fr\/?p=5234","title":{"rendered":"D\u00e9chetteries de Prats de Mollo &#8211; La Preste et Saint Laurent de Cerdans : jours de fermeture"},"content":{"rendered":"<h6 style=\"text-align: center;\">\u00c0 PARTIR DU MOIS DE F\u00c9VRIER 2024, LES D\u00c9CHETTERIES SUIVANTES SERONT FERM\u00c9ES :<\/h6>\n<p>&nbsp;<\/p>\n<h3 style=\"text-align: center;\">Prats de Mollo &#8211; La Preste<br \/>\n<span style=\"color: #ff0000;\">Ferm\u00e9e le premier samedi du mois<\/span><\/h3>\n<p>&nbsp;<\/p>\n<h3 style=\"text-align: center;\">Saint Laurent de Cerdans<br \/>\n<span style=\"color: #ff0000;\">Ferm\u00e9e le dernier samedi du mois<\/span><\/h3>\n","protected":false},"excerpt":{"rendered":"<p>\u00c0 PARTIR DU MOIS DE F\u00c9VRIER 2024, LES D\u00c9CHETTERIES SUIVANTES SERONT FERM\u00c9ES : &nbsp; Prats de Mollo &#8211; La Preste Ferm\u00e9e le premier samedi du mois &nbsp; Saint Laurent de Cerdans Ferm\u00e9e le dernier samedi du mois<\/p>\n","protected":false},"author":4,"featured_media":0,"comment_status":"closed","ping_status":"closed","sticky":false,"template":"","format":"standard","meta":{"footnotes":""},"categories":[391,100],"tags":[],"_links":{"self":[{"href":"https:\/\/www.haut-vallespir.fr\/index.php?rest_route=\/wp\/v2\/posts\/5234"}],"collection":[{"href":"https:\/\/www.haut-vallespir.fr\/index.php?rest_route=\/wp\/v2\/posts"}],"about":[{"href":"https:\/\/www.haut-vallespir.fr\/index.php?rest_route=\/wp\/v2\/types\/post"}],"author":[{"embeddable":true,"href":"https:\/\/www.haut-vallespir.fr\/index.php?rest_route=\/wp\/v2\/users\/4"}],"replies":[{"embeddable":true,"href":"https:\/\/www.haut-vallespir.fr\/index.php?rest_route=%2Fwp%2Fv2%2Fcomments&post=5234"}],"version-history":[{"count":8,"href":"https:\/\/www.haut-vallespir.fr\/index.php?rest_route=\/wp\/v2\/posts\/5234\/revisions"}],"predecessor-version":[{"id":5242,"href":"https:\/\/www.haut-vallespir.fr\/index.php?rest_route=\/wp\/v2\/posts\/5234\/revisions\/5242"}],"wp:attachment":[{"href":"https:\/\/www.haut-vallespir.fr\/index.php?rest_route=%2Fwp%2Fv2%2Fmedia&parent=5234"}],"wp:term":[{"taxonomy":"category","embeddable":true,"href":"https:\/\/www.haut-vallespir.fr\/index.php?rest_route=%2Fwp%2Fv2%2Fcategories&post=5234"},{"taxonomy":"post_tag","embeddable":true,"href":"https:\/\/www.haut-vallespir.fr\/index.php?rest_route=%2Fwp%2Fv2%2Ftags&post=5234"}],"curies":[{"name":"wp","href":"https:\/\/api.w.org\/{rel}","templated":true}]}}