{"id":4853,"date":"2023-09-04T09:22:06","date_gmt":"2023-09-04T08:22:06","guid":{"rendered":"https:\/\/www.haut-vallespir.fr\/?p=4853"},"modified":"2023-09-04T09:25:40","modified_gmt":"2023-09-04T08:25:40","slug":"semaine-europeenne-du-recyclage-des-piles-2023","status":"publish","type":"post","link":"https:\/\/www.haut-vallespir.fr\/?p=4853","title":{"rendered":"SEMAINE EUROP\u00c9ENNE DU RECYCLAGE DES PILES 2023"},"content":{"rendered":"<div class=\"texte\">\n<p><span class=\"size_12\">A l\u2019occasion de la <strong>Semaine Europ\u00e9enne du Recyclage des Piles du 4 au 10 septembre 2023<\/strong>, Corepile vous propose de d\u00e9couvrir la seconde vie des piles et batteries. Si plus de 80% des Fran\u00e7ais savent que les piles et batteries se recyclent, <strong>tr\u00e8s peu savent r\u00e9ellement ce que les piles et batteries deviennent une fois d\u00e9pos\u00e9es dans les bornes<\/strong><\/span><span class=\"size_12\">.<\/span><\/p>\n<p>&nbsp;<\/p>\n<\/div>\n<p><img loading=\"lazy\" decoding=\"async\" class=\" wp-image-4854 alignleft\" src=\"https:\/\/www.haut-vallespir.fr\/wp-content\/uploads\/2023\/09\/ban-serp-x-v_1692349305_big_.webp\" alt=\"\" width=\"373\" height=\"224\" srcset=\"https:\/\/www.haut-vallespir.fr\/wp-content\/uploads\/2023\/09\/ban-serp-x-v_1692349305_big_.webp 500w, https:\/\/www.haut-vallespir.fr\/wp-content\/uploads\/2023\/09\/ban-serp-x-v_1692349305_big_-300x180.webp 300w\" sizes=\"(max-width: 373px) 100vw, 373px\" \/><\/p>\n<div class=\"texte\">\n<p>&nbsp;<\/p>\n<p><span class=\"size_12\">Jouets d\u00e9mod\u00e9s, portables oubli\u00e9s dans les tiroirs, appareils \u00e9lectriques abandonn\u00e9s&#8230; les piles se cachent dans tous les appareils inutilis\u00e9s.<\/span><\/p>\n<p><span class=\"size_12\">Dans chaque foyer, on trouve beaucoup plus de piles et de petites batteries qu\u2019on ne l\u2019imagine ! Selon Corepile,<strong> on trouve en moyenne dans une maison 121 Piles et Accumulateurs Portables (PAP) et 81 en appartement. Il est important de les apporter dans <\/strong><\/span><a href=\"https:\/\/www.jerecyclemespiles.com\/carte-des-points-de-collecte\/\">des points de collecte<\/a><span class=\"size_12\"><strong> afin de pouvoir les recycler<\/strong><strong>.<\/strong><\/span><\/p>\n<\/div>\n<p>&nbsp;<\/p>\n<p>&nbsp;<\/p>\n<p>&nbsp;<\/p>\n<p><img loading=\"lazy\" decoding=\"async\" class=\"alignright wp-image-4855\" src=\"https:\/\/www.haut-vallespir.fr\/wp-content\/uploads\/2023\/09\/ban-serp-x-v_1692349315_big_.webp\" alt=\"\" width=\"450\" height=\"270\" srcset=\"https:\/\/www.haut-vallespir.fr\/wp-content\/uploads\/2023\/09\/ban-serp-x-v_1692349315_big_.webp 500w, https:\/\/www.haut-vallespir.fr\/wp-content\/uploads\/2023\/09\/ban-serp-x-v_1692349315_big_-300x180.webp 300w\" sizes=\"(max-width: 450px) 100vw, 450px\" \/><\/p>\n<div class=\"texte\">\n<p>&nbsp;<\/p>\n<p><span class=\"size_12\"><strong>La Semaine Europ\u00e9enne du Recyclage des Piles est l\u2019occasion de rappeler \u00e0 tous les citoyens l\u2019importance du geste de tri et d\u2019apport de ses piles et petites batteries usag\u00e9es dans <\/strong><\/span><a href=\"https:\/\/www.jerecyclemespiles.com\/carte-des-points-de-collecte\/\">les points de collecte<\/a><span class=\"size_12\"><strong> ou <\/strong><\/span><a href=\"https:\/\/www.sydetom66.fr\/carte\/\" target=\"_blank\" rel=\"noopener\">les d\u00e9ch\u00e8teries<\/a><span class=\"size_12\"><strong>.<\/strong> Le recyclage des piles et batteries permet en effet de r\u00e9cup\u00e9rer <strong>jusqu\u2019\u00e0 80% des m\u00e9taux qu\u2019elles contiennent<\/strong> pour les r\u00e9utiliser dans les industries m\u00e9tallurgiques : couverts, canettes, goutti\u00e8res, jouets, meubles&#8230;<\/span><\/p>\n<p><span class=\"size_12\">L\u2019objectif est de sensibiliser et de mobiliser les usagers \u00e0 recycler les piles durant cette semaine.<\/span><\/p>\n<\/div>\n<p>&nbsp;<\/p>\n<p>&nbsp;<\/p>\n<h6><\/h6>\n<h6><\/h6>\n<h5 style=\"text-align: left;\"><strong><span class=\"size_14\" data-redactor=\"verified\">En 2022, ce sont pr\u00e9s de 15 tonnes de piles qui ont \u00e9t\u00e9 collect\u00e9es sur l&rsquo;ensemble des d\u00e9ch\u00e8teries du d\u00e9partement des P-O.<\/span><\/strong><\/h5>\n<p><img loading=\"lazy\" decoding=\"async\" class=\"wp-image-4860 alignleft\" src=\"https:\/\/www.haut-vallespir.fr\/wp-content\/uploads\/2023\/09\/gallery_2888_taux-collecte-2022_1692798010_large_4.webp\" alt=\"\" width=\"520\" height=\"299\" srcset=\"https:\/\/www.haut-vallespir.fr\/wp-content\/uploads\/2023\/09\/gallery_2888_taux-collecte-2022_1692798010_large_4.webp 1080w, https:\/\/www.haut-vallespir.fr\/wp-content\/uploads\/2023\/09\/gallery_2888_taux-collecte-2022_1692798010_large_4-300x173.webp 300w, https:\/\/www.haut-vallespir.fr\/wp-content\/uploads\/2023\/09\/gallery_2888_taux-collecte-2022_1692798010_large_4-1024x589.webp 1024w, https:\/\/www.haut-vallespir.fr\/wp-content\/uploads\/2023\/09\/gallery_2888_taux-collecte-2022_1692798010_large_4-768x442.webp 768w\" sizes=\"(max-width: 520px) 100vw, 520px\" \/> <img loading=\"lazy\" decoding=\"async\" class=\"wp-image-4861 alignleft\" src=\"https:\/\/www.haut-vallespir.fr\/wp-content\/uploads\/2023\/09\/gallery_2888_schema-valorisation-hd_1692798006_large_3-1.webp\" alt=\"\" width=\"517\" height=\"366\" srcset=\"https:\/\/www.haut-vallespir.fr\/wp-content\/uploads\/2023\/09\/gallery_2888_schema-valorisation-hd_1692798006_large_3-1.webp 1080w, https:\/\/www.haut-vallespir.fr\/wp-content\/uploads\/2023\/09\/gallery_2888_schema-valorisation-hd_1692798006_large_3-1-300x212.webp 300w, https:\/\/www.haut-vallespir.fr\/wp-content\/uploads\/2023\/09\/gallery_2888_schema-valorisation-hd_1692798006_large_3-1-1024x724.webp 1024w, https:\/\/www.haut-vallespir.fr\/wp-content\/uploads\/2023\/09\/gallery_2888_schema-valorisation-hd_1692798006_large_3-1-768x543.webp 768w\" sizes=\"(max-width: 517px) 100vw, 517px\" \/> <img loading=\"lazy\" decoding=\"async\" class=\"wp-image-4858 alignleft\" src=\"https:\/\/www.haut-vallespir.fr\/wp-content\/uploads\/2023\/09\/gallery_2888_feuxtricolore-corepile_1692798200_large_5.webp\" alt=\"\" width=\"517\" height=\"384\" srcset=\"https:\/\/www.haut-vallespir.fr\/wp-content\/uploads\/2023\/09\/gallery_2888_feuxtricolore-corepile_1692798200_large_5.webp 1076w, https:\/\/www.haut-vallespir.fr\/wp-content\/uploads\/2023\/09\/gallery_2888_feuxtricolore-corepile_1692798200_large_5-300x223.webp 300w, https:\/\/www.haut-vallespir.fr\/wp-content\/uploads\/2023\/09\/gallery_2888_feuxtricolore-corepile_1692798200_large_5-1024x761.webp 1024w, https:\/\/www.haut-vallespir.fr\/wp-content\/uploads\/2023\/09\/gallery_2888_feuxtricolore-corepile_1692798200_large_5-768x571.webp 768w\" sizes=\"(max-width: 517px) 100vw, 517px\" \/><\/p>\n<p>&nbsp;<\/p>\n<p>&nbsp;<\/p>\n<p>&nbsp;<\/p>\n<p>&nbsp;<\/p>\n<p>&nbsp;<\/p>\n<p>&nbsp;<\/p>\n<p>&nbsp;<\/p>\n<p>&nbsp;<\/p>\n<p>&nbsp;<\/p>\n<h4 style=\"text-align: center;\"><span style=\"color: #ff6600;\"><span class=\"size_14\"><em><strong>Finalement, chaque objet m\u00e9tallique de votre quotidien peut contenir du m\u00e9tal issu du recyclage d\u2019une pile ou d\u2019une batterie. <\/strong><\/em><\/span><strong><span class=\"size_14\"><em>Et \u00e7a, c\u2019est positif !<\/em><\/span><\/strong><\/span><\/h4>\n<div style=\"width: 1200px;\" class=\"wp-video\"><!--[if lt IE 9]><script>document.createElement('video');<\/script><![endif]-->\n<video class=\"wp-video-shortcode\" id=\"video-4853-1\" width=\"1200\" height=\"1200\" preload=\"metadata\" controls=\"controls\"><source type=\"video\/mp4\" src=\"https:\/\/www.haut-vallespir.fr\/wp-content\/uploads\/2023\/09\/PILE-1200x1200-1.mp4?_=1\" \/><a href=\"https:\/\/www.haut-vallespir.fr\/wp-content\/uploads\/2023\/09\/PILE-1200x1200-1.mp4\">https:\/\/www.haut-vallespir.fr\/wp-content\/uploads\/2023\/09\/PILE-1200x1200-1.mp4<\/a><\/video><\/div>\n<p>&nbsp;<\/p>\n<p>&nbsp;<\/p>\n","protected":false},"excerpt":{"rendered":"<p>A l\u2019occasion de la Semaine Europ\u00e9enne du Recyclage des Piles du 4 au 10 septembre 2023, Corepile vous propose de d\u00e9couvrir la seconde vie des piles et batteries. Si plus de 80% des Fran\u00e7ais savent que les piles et batteries se recyclent, tr\u00e8s peu savent r\u00e9ellement ce que les piles et batteries deviennent une fois [&hellip;]<\/p>\n","protected":false},"author":4,"featured_media":0,"comment_status":"closed","ping_status":"closed","sticky":false,"template":"","format":"standard","meta":{"footnotes":""},"categories":[391,100],"tags":[],"_links":{"self":[{"href":"https:\/\/www.haut-vallespir.fr\/index.php?rest_route=\/wp\/v2\/posts\/4853"}],"collection":[{"href":"https:\/\/www.haut-vallespir.fr\/index.php?rest_route=\/wp\/v2\/posts"}],"about":[{"href":"https:\/\/www.haut-vallespir.fr\/index.php?rest_route=\/wp\/v2\/types\/post"}],"author":[{"embeddable":true,"href":"https:\/\/www.haut-vallespir.fr\/index.php?rest_route=\/wp\/v2\/users\/4"}],"replies":[{"embeddable":true,"href":"https:\/\/www.haut-vallespir.fr\/index.php?rest_route=%2Fwp%2Fv2%2Fcomments&post=4853"}],"version-history":[{"count":15,"href":"https:\/\/www.haut-vallespir.fr\/index.php?rest_route=\/wp\/v2\/posts\/4853\/revisions"}],"predecessor-version":[{"id":4874,"href":"https:\/\/www.haut-vallespir.fr\/index.php?rest_route=\/wp\/v2\/posts\/4853\/revisions\/4874"}],"wp:attachment":[{"href":"https:\/\/www.haut-vallespir.fr\/index.php?rest_route=%2Fwp%2Fv2%2Fmedia&parent=4853"}],"wp:term":[{"taxonomy":"category","embeddable":true,"href":"https:\/\/www.haut-vallespir.fr\/index.php?rest_route=%2Fwp%2Fv2%2Fcategories&post=4853"},{"taxonomy":"post_tag","embeddable":true,"href":"https:\/\/www.haut-vallespir.fr\/index.php?rest_route=%2Fwp%2Fv2%2Ftags&post=4853"}],"curies":[{"name":"wp","href":"https:\/\/api.w.org\/{rel}","templated":true}]}}