{"id":4806,"date":"2023-07-24T13:33:44","date_gmt":"2023-07-24T12:33:44","guid":{"rendered":"https:\/\/www.haut-vallespir.fr\/?p=4806"},"modified":"2023-07-24T13:33:44","modified_gmt":"2023-07-24T12:33:44","slug":"la-tournee-bon-ete-bons-reflexes-arrive-dans-le-vallespir","status":"publish","type":"post","link":"https:\/\/www.haut-vallespir.fr\/?p=4806","title":{"rendered":"La \u00ab\u00a0tourn\u00e9e bon \u00e9t\u00e9 bons r\u00e9flexes\u00a0\u00bb arrive dans le Vallespir !"},"content":{"rendered":"<p><img loading=\"lazy\" decoding=\"async\" class=\"aligncenter  wp-image-4808\" src=\"https:\/\/www.haut-vallespir.fr\/wp-content\/uploads\/2023\/07\/Affiche-Bon-ete-bons-refexes-ARS-Jeudi-27-Juillet-St-Jean.png\" alt=\"\" width=\"1099\" height=\"1554\" srcset=\"https:\/\/www.haut-vallespir.fr\/wp-content\/uploads\/2023\/07\/Affiche-Bon-ete-bons-refexes-ARS-Jeudi-27-Juillet-St-Jean.png 1754w, https:\/\/www.haut-vallespir.fr\/wp-content\/uploads\/2023\/07\/Affiche-Bon-ete-bons-refexes-ARS-Jeudi-27-Juillet-St-Jean-212x300.png 212w, https:\/\/www.haut-vallespir.fr\/wp-content\/uploads\/2023\/07\/Affiche-Bon-ete-bons-refexes-ARS-Jeudi-27-Juillet-St-Jean-724x1024.png 724w, https:\/\/www.haut-vallespir.fr\/wp-content\/uploads\/2023\/07\/Affiche-Bon-ete-bons-refexes-ARS-Jeudi-27-Juillet-St-Jean-768x1086.png 768w, https:\/\/www.haut-vallespir.fr\/wp-content\/uploads\/2023\/07\/Affiche-Bon-ete-bons-refexes-ARS-Jeudi-27-Juillet-St-Jean-1086x1536.png 1086w, https:\/\/www.haut-vallespir.fr\/wp-content\/uploads\/2023\/07\/Affiche-Bon-ete-bons-refexes-ARS-Jeudi-27-Juillet-St-Jean-1448x2048.png 1448w\" sizes=\"(max-width: 1099px) 100vw, 1099px\" \/><\/p>\n<p>\u00ab\u00a0Le Contrat Local de Sant\u00e9 \u00ab Ma sant\u00e9 en Vallespir \u00bb anim\u00e9 conjointement par les Communaut\u00e9s de Communes du Vallespir et du Haut Vallespir a le plaisir de vous informer que \u00a0la <b>\u00ab\u00a0tourn\u00e9e bon \u00e9t\u00e9 bons r\u00e9flexes\u00a0\u00bb<\/b> organis\u00e9e par l\u2019ARS Occitanie, passera dans le Vallespir\u00a0!<\/p>\n<p>Ce <b>Jeudi 27 juillet<\/b> au <b>lac de Saint-Jean-Pla-de-Corts<\/b> de <b>11h30 \u00e0 15h30<\/b>, voici les ateliers et stands qui vous seront propos\u00e9s\u00a0:<\/p>\n<p><b>Atelier \u00ab Soleil \u00bb <\/b><\/p>\n<p>\u2022 Conna\u00eetre les effets du soleil et reconna\u00eetre les situations \u00e0 risque pour la sant\u00e9.<\/p>\n<p>\u2022 Savoir comment prot\u00e9ger efficacement sa peau et ses yeux.<\/p>\n<p>\u2022 Savoir pourquoi et comment se faire d\u00e9pister un m\u00e9lanome.<\/p>\n<p><b>Atelier \u00ab Moustiques tigres et tiques \u00bb <\/b><\/p>\n<p>\u2022 Connaitre et mettre en \u0153uvre des actions de pr\u00e9vention afin d\u2019\u00e9viter la prolif\u00e9ration du moustique tigre.<\/p>\n<p>\u2022 Savoir mener des actions de surveillance, de signalement et de protection en cas de pr\u00e9sence av\u00e9r\u00e9e.<\/p>\n<p>\u2022 Sensibiliser aux bons gestes pour pr\u00e9venir les piq\u00fbres de tiques.<\/p>\n<p>\u2022 Connaitre les gestes \u00e0 r\u00e9aliser et le suivi \u00e0 faire en cas de piq\u00fbres.<\/p>\n<p>\u2022 Diffuser des informations sur les maladies transmises par les tiques.<\/p>\n<p><b>Atelier \u00ab Baignade \u00bb <\/b><\/p>\n<p>\u2022 Conna\u00eetre les animaux venimeux et les gestes de premier secours en mer et en eau douce.<\/p>\n<p>\u2022 Ma\u00eetriser les consignes pour une baignade en toute s\u00e9curit\u00e9 en mer et en eau douce.<\/p>\n<p><b>Atelier \u00ab Sucre cach\u00e9 \u00bb <\/b><\/p>\n<p>\u2022 Conna\u00eetre les recommandations relatives \u00e0 la consommation de sucre.<\/p>\n<p>\u2022 Rep\u00e9rer les sucres cach\u00e9s dans les petits plaisirs de l\u2019\u00e9t\u00e9.<\/p>\n<p>\u2022 Identifier les quantit\u00e9s de sucre dans les boissons.<\/p>\n<p><b>Atelier \u00ab Bougez, c\u2019est bon pour ma sant\u00e9 \u00bb<\/b><\/p>\n<p>\u2022 Connaitre les recommandations pour un mode de vie plus \u00e9quilibr\u00e9.<\/p>\n<p>\u2022 Connaitre les r\u00e8gles d\u2019hygi\u00e8ne en mati\u00e8re de nutrition et d\u2019exercice physique<\/p>\n<p><b>Stand pour tester votre risque cardiovasculaire\u00a0:<\/b><\/p>\n<p>Test rapide de glyc\u00e9mie, cholest\u00e9rol\u00e9mie, tension art\u00e9rielle\u2026<\/p>\n<p><b>Stand de l\u2019<\/b>\u00a0<b>\u00ab\u00a0info jeunes Vallespir\u00a0\u00bb\u00a0:<\/b><\/p>\n<p>Se prot\u00e9ger en soir\u00e9e\u00a0: conseils pour profiter de l\u2019\u00e9t\u00e9 sans mauvaise surprise\u00a0!\u00a0\u00bb<\/p>\n","protected":false},"excerpt":{"rendered":"<p>\u00ab\u00a0Le Contrat Local de Sant\u00e9 \u00ab Ma sant\u00e9 en Vallespir \u00bb anim\u00e9 conjointement par les Communaut\u00e9s de Communes du Vallespir et du Haut Vallespir a le plaisir de vous informer que \u00a0la \u00ab\u00a0tourn\u00e9e bon \u00e9t\u00e9 bons r\u00e9flexes\u00a0\u00bb organis\u00e9e par l\u2019ARS Occitanie, passera dans le Vallespir\u00a0! Ce Jeudi 27 juillet au lac de Saint-Jean-Pla-de-Corts de 11h30 [&hellip;]<\/p>\n","protected":false},"author":4,"featured_media":0,"comment_status":"closed","ping_status":"closed","sticky":false,"template":"","format":"standard","meta":{"footnotes":""},"categories":[391],"tags":[],"_links":{"self":[{"href":"https:\/\/www.haut-vallespir.fr\/index.php?rest_route=\/wp\/v2\/posts\/4806"}],"collection":[{"href":"https:\/\/www.haut-vallespir.fr\/index.php?rest_route=\/wp\/v2\/posts"}],"about":[{"href":"https:\/\/www.haut-vallespir.fr\/index.php?rest_route=\/wp\/v2\/types\/post"}],"author":[{"embeddable":true,"href":"https:\/\/www.haut-vallespir.fr\/index.php?rest_route=\/wp\/v2\/users\/4"}],"replies":[{"embeddable":true,"href":"https:\/\/www.haut-vallespir.fr\/index.php?rest_route=%2Fwp%2Fv2%2Fcomments&post=4806"}],"version-history":[{"count":2,"href":"https:\/\/www.haut-vallespir.fr\/index.php?rest_route=\/wp\/v2\/posts\/4806\/revisions"}],"predecessor-version":[{"id":4810,"href":"https:\/\/www.haut-vallespir.fr\/index.php?rest_route=\/wp\/v2\/posts\/4806\/revisions\/4810"}],"wp:attachment":[{"href":"https:\/\/www.haut-vallespir.fr\/index.php?rest_route=%2Fwp%2Fv2%2Fmedia&parent=4806"}],"wp:term":[{"taxonomy":"category","embeddable":true,"href":"https:\/\/www.haut-vallespir.fr\/index.php?rest_route=%2Fwp%2Fv2%2Fcategories&post=4806"},{"taxonomy":"post_tag","embeddable":true,"href":"https:\/\/www.haut-vallespir.fr\/index.php?rest_route=%2Fwp%2Fv2%2Ftags&post=4806"}],"curies":[{"name":"wp","href":"https:\/\/api.w.org\/{rel}","templated":true}]}}