{"id":4510,"date":"2023-06-14T08:00:32","date_gmt":"2023-06-14T07:00:32","guid":{"rendered":"https:\/\/www.haut-vallespir.fr\/?p=4510"},"modified":"2023-06-14T08:00:32","modified_gmt":"2023-06-14T07:00:32","slug":"decheteries-intercommunales-nouveaux-horaires-dete","status":"publish","type":"post","link":"https:\/\/www.haut-vallespir.fr\/?p=4510","title":{"rendered":"D\u00e9ch\u00e8teries Intercommunales, nouveaux horaires d&rsquo;\u00e9t\u00e9"},"content":{"rendered":"<h3 style=\"text-align: center;\"><strong><u>D\u00c9CH\u00c8TERIES INTERCOMMUNALES<\/u><\/strong><strong>\u00a0: NOUVEAUX HORAIRES D\u2019\u00c9T\u00c9 <\/strong><\/h3>\n<p style=\"text-align: center;\">A compter du 03 juillet et jusqu\u2019au 02 septembre 2023, les trois d\u00e9ch\u00e8teries de la Communaut\u00e9 de Communes du Haut Vallespir passeront aux heures d\u2019\u00e9t\u00e9.<\/p>\n<h5 style=\"text-align: center;\"><strong><u>Les horaires changent<\/u><\/strong>. Voici ce qu&rsquo;il faut savoir.<\/h5>\n<p style=\"text-align: center;\">\u00a0\u00a0\u00a0\u00a0\u00a0\u00a0\u00a0\u00a0\u00a0 Cela concerne les d\u00e9ch\u00e8teries de l\u2019Alzine Rodone \u00e0 Arles sur Tech, de Riuros \u00e0 Saint Laurent de Cerdans et de la Pouillangarde \u00e0 Prats de Mollo. Avec des \u00e9t\u00e9s de plus en plus chauds, les conditions extr\u00eames peuvent avoir un impact sur la sant\u00e9 et le bien-\u00eatre des usagers et des agents des d\u00e9ch\u00e8teries. De fait, la CCHV a d\u00e9cid\u00e9 de revoir son fonctionnement pour accueillir les usagers dans des conditions optimis\u00e9es et pr\u00e9server les sites de tous risques.<strong>\u00a0<\/strong><\/p>\n<p style=\"text-align: center;\"><strong>\u00a0<\/strong><\/p>\n<h5 style=\"text-align: center;\"><strong><u>NOUVEAUX HORAIRES D\u2019OUVERTURE\u00a0:<\/u><\/strong><\/h5>\n<p>&nbsp;<\/p>\n<h6 style=\"text-align: center;\"><strong><u>D\u00e9ch\u00e8terie de l\u2019Alzine Rodone \u00e0 Arles sur Tech\u00a0:<\/u><\/strong><\/h6>\n<p style=\"text-align: center;\"><strong>7h00\/14h00 du lundi au samedi<\/strong><\/p>\n<p style=\"text-align: center;\"><strong><em>(Fermeture de la d\u00e9ch\u00e8terie les dimanches et jours f\u00e9ri\u00e9s)<\/em><\/strong><\/p>\n<p>&nbsp;<\/p>\n<h6 style=\"text-align: center;\"><strong><u>D\u00e9ch\u00e8teries de Riuros \u00e0 Saint Laurent de Cerdans<\/u><\/strong><\/h6>\n<h6 style=\"text-align: center;\"><strong><u>et de la Pouillangarde \u00e0 Prats de Mollo\u00a0:<\/u><\/strong><\/h6>\n<p style=\"text-align: center;\"><strong>7h00\/12h00 &#8211; 12h20-14h00 lundi, mardi, jeudi, vendredi et samedi<\/strong><\/p>\n<p style=\"text-align: center;\"><strong><em>(Fermeture des d\u00e9ch\u00e8teries de 12h00 \u00e0 12h20 ainsi que les mercredis, dimanches et jours f\u00e9ri\u00e9s)<\/em><\/strong><\/p>\n<p style=\"text-align: center;\"><strong><u>\u00a0<\/u><\/strong><\/p>\n<h5 style=\"text-align: center;\"><strong><u>R\u00e9glementations :<\/u><\/strong><\/h5>\n<p style=\"text-align: center;\"><em>Il vous est recommand\u00e9 de trier vos d\u00e9chets avant d\u2019arriver \u00e0 la d\u00e9ch\u00e8terie.<\/em><\/p>\n<p style=\"text-align: center;\"><em>Il est de plus <strong>strictement interdit de d\u00e9poser des encombrants<\/strong> <strong>devant les d\u00e9ch\u00e8teries<\/strong> en dehors des heures d\u2019ouverture.<\/em><\/p>\n","protected":false},"excerpt":{"rendered":"<p>D\u00c9CH\u00c8TERIES INTERCOMMUNALES\u00a0: NOUVEAUX HORAIRES D\u2019\u00c9T\u00c9 A compter du 03 juillet et jusqu\u2019au 02 septembre 2023, les trois d\u00e9ch\u00e8teries de la Communaut\u00e9 de Communes du Haut Vallespir passeront aux heures d\u2019\u00e9t\u00e9. Les horaires changent. Voici ce qu&rsquo;il faut savoir. \u00a0\u00a0\u00a0\u00a0\u00a0\u00a0\u00a0\u00a0\u00a0 Cela concerne les d\u00e9ch\u00e8teries de l\u2019Alzine Rodone \u00e0 Arles sur Tech, de Riuros \u00e0 Saint Laurent [&hellip;]<\/p>\n","protected":false},"author":4,"featured_media":0,"comment_status":"closed","ping_status":"closed","sticky":false,"template":"","format":"standard","meta":{"footnotes":""},"categories":[391,100],"tags":[],"_links":{"self":[{"href":"https:\/\/www.haut-vallespir.fr\/index.php?rest_route=\/wp\/v2\/posts\/4510"}],"collection":[{"href":"https:\/\/www.haut-vallespir.fr\/index.php?rest_route=\/wp\/v2\/posts"}],"about":[{"href":"https:\/\/www.haut-vallespir.fr\/index.php?rest_route=\/wp\/v2\/types\/post"}],"author":[{"embeddable":true,"href":"https:\/\/www.haut-vallespir.fr\/index.php?rest_route=\/wp\/v2\/users\/4"}],"replies":[{"embeddable":true,"href":"https:\/\/www.haut-vallespir.fr\/index.php?rest_route=%2Fwp%2Fv2%2Fcomments&post=4510"}],"version-history":[{"count":6,"href":"https:\/\/www.haut-vallespir.fr\/index.php?rest_route=\/wp\/v2\/posts\/4510\/revisions"}],"predecessor-version":[{"id":4516,"href":"https:\/\/www.haut-vallespir.fr\/index.php?rest_route=\/wp\/v2\/posts\/4510\/revisions\/4516"}],"wp:attachment":[{"href":"https:\/\/www.haut-vallespir.fr\/index.php?rest_route=%2Fwp%2Fv2%2Fmedia&parent=4510"}],"wp:term":[{"taxonomy":"category","embeddable":true,"href":"https:\/\/www.haut-vallespir.fr\/index.php?rest_route=%2Fwp%2Fv2%2Fcategories&post=4510"},{"taxonomy":"post_tag","embeddable":true,"href":"https:\/\/www.haut-vallespir.fr\/index.php?rest_route=%2Fwp%2Fv2%2Ftags&post=4510"}],"curies":[{"name":"wp","href":"https:\/\/api.w.org\/{rel}","templated":true}]}}