{"id":449,"date":"2017-12-14T18:30:26","date_gmt":"2017-12-14T17:30:26","guid":{"rendered":"https:\/\/www.haut-vallespir.fr\/?p=449"},"modified":"2018-11-05T13:52:55","modified_gmt":"2018-11-05T12:52:55","slug":"conseil-communautaire-du-%ef%bb%bf%ef%bb%bf14-decembre-2017","status":"publish","type":"post","link":"https:\/\/www.haut-vallespir.fr\/?p=449","title":{"rendered":"Conseil Communautaire du \ufeff\ufeff14 d\u00e9cembre 2017"},"content":{"rendered":"<h2>Ordre du jour<\/h2>\n<p>1\/ INSTALLATION D\u2019UN NOUVEAU CONSEILLER COMMUNAUTAIRE \u2013 COMMUNE DE TAULIS \u2013 d\u00e9lib\u00e9ration 1137a\/2017<br \/>\n2\/ COMPTE RENDU DES DELEGATIONS AU PRESIDENT<br \/>\n3\/ FINANCES<br \/>\n4\/ PERSONNEL COMMUNAUTAIRE<br \/>\n5\/ ASSURANCE \u2013 Choix des compagnies &#8211; d\u00e9lib\u00e9ration 1149-2017<br \/>\n6\/ PAYS PYRENEES MEDITERRANEE \u2013 Plan Climat \u2013 d\u00e9lib\u00e9rations 1150-1151\/2017<br \/>\n7\/ PROJETS INTERCOMMUNAUX \u2013 Plans de financement &#8211; d\u00e9lib\u00e9ration 1127-2017<br \/>\n8 \/ PLU EN COURS D\u2019ELABORATION \u2013 Confirmation d\u2019ach\u00e8vement de la proc\u00e9dure Serralongue et Saint Laurent de Cerdans \u2013 d\u00e9lib\u00e9rations 1155-1156\/2017<br \/>\n9 \/ D\u00e9signation des repr\u00e9sentants au SIGA TECH &#8211; d\u00e9lib\u00e9ration 1157\/2017<br \/>\n10 \/ QUESTIONS DIVERSES<\/p>\n<a\n\thref=\"https:\/\/www.haut-vallespir.fr\/wp-content\/uploads\/2018\/02\/COMPTE-RENDU-CONSEIL-COM-14-12-17.pdf\"\n\ttarget=\"_blank\"\tid=\"ait-sc-button-1\"\n\tclass=\"ait-sc-button alignnone  buticon-right    simple\"\n\tstyle=\"width:200px;\"\n>\n\t<span class=\"container\">\n\t\t<span class=\"wrap\">\n\n\t\t\t\t\t\t\t\t\t\t\n\t\t\t\t\t\t<span class=\"text\" style=\"text-align:center;\">\n\t\t\t\t\t\t\t\t<span class=\"title\" style=\"\">\n\t\t\t\t\tT\u00e9lecharger\t\t\t\t<\/span>\n\t\t\t\t\t\t\t\t\t\t\t<\/span>\n\t\t\t\n\t\t\t\t\t\t\t\t\t\t\t\t<span class=\"icon\" style=\"text-align:center;\">\n\t\t\t\t\t\t<i class=\"fa fa-clipboard\" ><\/i>\n\t\t\t\t\t<\/span>\n\t\t\t\t\t\t\t\t\t<\/span>\n\t<\/span>\n<\/a>\n\n<p>&nbsp;<\/p>\n","protected":false},"excerpt":{"rendered":"<p>Ordre du jour 1\/ INSTALLATION D\u2019UN NOUVEAU CONSEILLER COMMUNAUTAIRE \u2013 COMMUNE DE TAULIS \u2013 d\u00e9lib\u00e9ration 1137a\/2017 2\/ COMPTE RENDU DES DELEGATIONS AU PRESIDENT 3\/ FINANCES 4\/ PERSONNEL COMMUNAUTAIRE 5\/ ASSURANCE \u2013 Choix des compagnies &#8211; d\u00e9lib\u00e9ration 1149-2017 6\/ PAYS PYRENEES MEDITERRANEE \u2013 Plan Climat \u2013 d\u00e9lib\u00e9rations 1150-1151\/2017 7\/ PROJETS INTERCOMMUNAUX \u2013 Plans de financement &#8211; [&hellip;]<\/p>\n","protected":false},"author":2,"featured_media":987,"comment_status":"closed","ping_status":"closed","sticky":false,"template":"","format":"standard","meta":{"footnotes":""},"categories":[148],"tags":[198,202,266,214,166,188,206,150,162,194,138,154,140,184,210,208,196,200,204,212],"_links":{"self":[{"href":"https:\/\/www.haut-vallespir.fr\/index.php?rest_route=\/wp\/v2\/posts\/449"}],"collection":[{"href":"https:\/\/www.haut-vallespir.fr\/index.php?rest_route=\/wp\/v2\/posts"}],"about":[{"href":"https:\/\/www.haut-vallespir.fr\/index.php?rest_route=\/wp\/v2\/types\/post"}],"author":[{"embeddable":true,"href":"https:\/\/www.haut-vallespir.fr\/index.php?rest_route=\/wp\/v2\/users\/2"}],"replies":[{"embeddable":true,"href":"https:\/\/www.haut-vallespir.fr\/index.php?rest_route=%2Fwp%2Fv2%2Fcomments&post=449"}],"version-history":[{"count":4,"href":"https:\/\/www.haut-vallespir.fr\/index.php?rest_route=\/wp\/v2\/posts\/449\/revisions"}],"predecessor-version":[{"id":770,"href":"https:\/\/www.haut-vallespir.fr\/index.php?rest_route=\/wp\/v2\/posts\/449\/revisions\/770"}],"wp:featuredmedia":[{"embeddable":true,"href":"https:\/\/www.haut-vallespir.fr\/index.php?rest_route=\/wp\/v2\/media\/987"}],"wp:attachment":[{"href":"https:\/\/www.haut-vallespir.fr\/index.php?rest_route=%2Fwp%2Fv2%2Fmedia&parent=449"}],"wp:term":[{"taxonomy":"category","embeddable":true,"href":"https:\/\/www.haut-vallespir.fr\/index.php?rest_route=%2Fwp%2Fv2%2Fcategories&post=449"},{"taxonomy":"post_tag","embeddable":true,"href":"https:\/\/www.haut-vallespir.fr\/index.php?rest_route=%2Fwp%2Fv2%2Ftags&post=449"}],"curies":[{"name":"wp","href":"https:\/\/api.w.org\/{rel}","templated":true}]}}