{"id":4474,"date":"2023-05-25T08:23:57","date_gmt":"2023-05-25T07:23:57","guid":{"rendered":"https:\/\/www.haut-vallespir.fr\/?p=4474"},"modified":"2023-06-27T07:41:51","modified_gmt":"2023-06-27T06:41:51","slug":"conseil-communautaire-du-11-mai-2023","status":"publish","type":"post","link":"https:\/\/www.haut-vallespir.fr\/?p=4474","title":{"rendered":"Conseil Communautaire du 11 mai 2023"},"content":{"rendered":"<h1><img loading=\"lazy\" decoding=\"async\" class=\"alignnone wp-image-987\" src=\"https:\/\/www.haut-vallespir.fr\/wp-content\/uploads\/2018\/09\/conseil-com-300x300.jpg\" alt=\"\" width=\"200\" height=\"200\" srcset=\"https:\/\/www.haut-vallespir.fr\/wp-content\/uploads\/2018\/09\/conseil-com-300x300.jpg 300w, https:\/\/www.haut-vallespir.fr\/wp-content\/uploads\/2018\/09\/conseil-com-150x150.jpg 150w, https:\/\/www.haut-vallespir.fr\/wp-content\/uploads\/2018\/09\/conseil-com.jpg 524w\" sizes=\"(max-width: 200px) 100vw, 200px\" \/><\/h1>\n<h1>Conseil Communautaire : S\u00e9ance du 11 mai 2023 \u00e0 18h30, salle M\u00e9diterran\u00e9e \u00e0 Am\u00e9lie les Bains Palalda<\/h1>\n<a\n\thref=\"https:\/\/www.haut-vallespir.fr\/download\/4425\/\"\n\ttarget=\"_blank\"\tid=\"ait-sc-button-1\"\n\tclass=\"ait-sc-button alignnone  buticon-right    simple\"\n\tstyle=\"width:250px;\"\n>\n\t<span class=\"container\">\n\t\t<span class=\"wrap\">\n\n\t\t\t\t\t\t\t\t\t\t\n\t\t\t\t\t\t<span class=\"text\" style=\"text-align:center;\">\n\t\t\t\t\t\t\t\t<span class=\"title\" style=\"\">\n\t\t\t\t\tT\u00e9l\u00e9charger l&#039;avis de r\u00e9union\t\t\t\t<\/span>\n\t\t\t\t\t\t\t\t\t\t\t<\/span>\n\t\t\t\n\t\t\t\t\t\t\t\t\t\t\t\t<span class=\"icon\" style=\"text-align:center;\">\n\t\t\t\t\t\t<i class=\"fa fa-clipboard\" ><\/i>\n\t\t\t\t\t<\/span>\n\t\t\t\t\t\t\t\t\t<\/span>\n\t<\/span>\n<\/a>\n\n<a\n\thref=\"https:\/\/www.haut-vallespir.fr\/download\/4710\/\"\n\ttarget=\"_blank\"\tid=\"ait-sc-button-2\"\n\tclass=\"ait-sc-button alignnone  buticon-right    simple\"\n\tstyle=\"width:250px;\"\n>\n\t<span class=\"container\">\n\t\t<span class=\"wrap\">\n\n\t\t\t\t\t\t\t\t\t\t\n\t\t\t\t\t\t<span class=\"text\" style=\"text-align:center;\">\n\t\t\t\t\t\t\t\t<span class=\"title\" style=\"\">\n\t\t\t\t\tT\u00e9l\u00e9charger le proc\u00e8s verbal\t\t\t\t<\/span>\n\t\t\t\t\t\t\t\t\t\t\t<\/span>\n\t\t\t\n\t\t\t\t\t\t\t\t\t\t\t\t<span class=\"icon\" style=\"text-align:center;\">\n\t\t\t\t\t\t<i class=\"fa fa-clipboard\" ><\/i>\n\t\t\t\t\t<\/span>\n\t\t\t\t\t\t\t\t\t<\/span>\n\t<\/span>\n<\/a>\n\n<a\n\thref=\"https:\/\/www.haut-vallespir.fr\/download\/4482\/\"\n\ttarget=\"_blank\"\tid=\"ait-sc-button-3\"\n\tclass=\"ait-sc-button alignnone  buticon-right    simple\"\n\tstyle=\"width:250px;\"\n>\n\t<span class=\"container\">\n\t\t<span class=\"wrap\">\n\n\t\t\t\t\t\t\t\t\t\t\n\t\t\t\t\t\t<span class=\"text\" style=\"text-align:center;\">\n\t\t\t\t\t\t\t\t<span class=\"title\" style=\"\">\n\t\t\t\t\tListe des d\u00e9lib\u00e9rations \u00e9tudi\u00e9es\t\t\t\t<\/span>\n\t\t\t\t\t\t\t\t\t\t\t<\/span>\n\t\t\t\n\t\t\t\t\t\t\t\t\t\t\t\t<span class=\"icon\" style=\"text-align:center;\">\n\t\t\t\t\t\t<i class=\"fa fa-clipboard\" ><\/i>\n\t\t\t\t\t<\/span>\n\t\t\t\t\t\t\t\t\t<\/span>\n\t<\/span>\n<\/a>\n\n<a\n\thref=\"https:\/\/www.haut-vallespir.fr\/download\/4476\/\"\n\ttarget=\"_blank\"\tid=\"ait-sc-button-4\"\n\tclass=\"ait-sc-button alignnone  buticon-right    simple\"\n\tstyle=\"width:250px;\"\n>\n\t<span class=\"container\">\n\t\t<span class=\"wrap\">\n\n\t\t\t\t\t\t\t\t\t\t\n\t\t\t\t\t\t<span class=\"text\" style=\"text-align:center;\">\n\t\t\t\t\t\t\t\t<span class=\"title\" style=\"\">\n\t\t\t\t\tT\u00e9l\u00e9charger les d\u00e9lib\u00e9rations\t\t\t\t<\/span>\n\t\t\t\t\t\t\t\t\t\t\t<\/span>\n\t\t\t\n\t\t\t\t\t\t\t\t\t\t\t\t<span class=\"icon\" style=\"text-align:center;\">\n\t\t\t\t\t\t<i class=\"fa fa-clipboard\" ><\/i>\n\t\t\t\t\t<\/span>\n\t\t\t\t\t\t\t\t\t<\/span>\n\t<\/span>\n<\/a>\n\n","protected":false},"excerpt":{"rendered":"<p>Conseil Communautaire : S\u00e9ance du 11 mai 2023 \u00e0 18h30, salle M\u00e9diterran\u00e9e \u00e0 Am\u00e9lie les Bains Palalda<\/p>\n","protected":false},"author":4,"featured_media":0,"comment_status":"closed","ping_status":"closed","sticky":false,"template":"","format":"standard","meta":{"footnotes":""},"categories":[391,148],"tags":[],"_links":{"self":[{"href":"https:\/\/www.haut-vallespir.fr\/index.php?rest_route=\/wp\/v2\/posts\/4474"}],"collection":[{"href":"https:\/\/www.haut-vallespir.fr\/index.php?rest_route=\/wp\/v2\/posts"}],"about":[{"href":"https:\/\/www.haut-vallespir.fr\/index.php?rest_route=\/wp\/v2\/types\/post"}],"author":[{"embeddable":true,"href":"https:\/\/www.haut-vallespir.fr\/index.php?rest_route=\/wp\/v2\/users\/4"}],"replies":[{"embeddable":true,"href":"https:\/\/www.haut-vallespir.fr\/index.php?rest_route=%2Fwp%2Fv2%2Fcomments&post=4474"}],"version-history":[{"count":4,"href":"https:\/\/www.haut-vallespir.fr\/index.php?rest_route=\/wp\/v2\/posts\/4474\/revisions"}],"predecessor-version":[{"id":4712,"href":"https:\/\/www.haut-vallespir.fr\/index.php?rest_route=\/wp\/v2\/posts\/4474\/revisions\/4712"}],"wp:attachment":[{"href":"https:\/\/www.haut-vallespir.fr\/index.php?rest_route=%2Fwp%2Fv2%2Fmedia&parent=4474"}],"wp:term":[{"taxonomy":"category","embeddable":true,"href":"https:\/\/www.haut-vallespir.fr\/index.php?rest_route=%2Fwp%2Fv2%2Fcategories&post=4474"},{"taxonomy":"post_tag","embeddable":true,"href":"https:\/\/www.haut-vallespir.fr\/index.php?rest_route=%2Fwp%2Fv2%2Ftags&post=4474"}],"curies":[{"name":"wp","href":"https:\/\/api.w.org\/{rel}","templated":true}]}}