{"id":443,"date":"2017-10-26T18:30:21","date_gmt":"2017-10-26T17:30:21","guid":{"rendered":"https:\/\/www.haut-vallespir.fr\/?p=443"},"modified":"2018-11-05T13:53:09","modified_gmt":"2018-11-05T12:53:09","slug":"conseil-communautaire-du-26-octobre-2017","status":"publish","type":"post","link":"https:\/\/www.haut-vallespir.fr\/?p=443","title":{"rendered":"Conseil Communautaire du 26 octobre 2017"},"content":{"rendered":"<h1>Ordre du jour :<\/h1>\n<footer class=\"entry-footer single\"><span class=\"tags\"> <span class=\"tags-links\"> Avancements de grade, Budget principal, cantines, CLETC, convention centre de gestion, d\u00e9chetteries, d\u00e9cision modificative, finances, fourri\u00e8re animale, GEMAPI;, Gorges de la Fou, maison de sant\u00e9, MAJ tableau des effectifs, mise \u00e0 disposition, Motion de soutien aux Maires de Catalunya Sud, MSAP, personnel, PLU, Statuts, tour de ste anne, Tourisme, transfert cr\u00e8che d&rsquo;Arles <\/span> <\/span><\/footer>\n<footer><\/footer>\n<a\n\thref=\"https:\/\/www.haut-vallespir.fr\/wp-content\/uploads\/2018\/02\/20171213175541325.pdf\"\n\ttarget=\"_blank\"\tid=\"ait-sc-button-1\"\n\tclass=\"ait-sc-button alignnone  buticon-right    simple\"\n\tstyle=\"width:200px;\"\n>\n\t<span class=\"container\">\n\t\t<span class=\"wrap\">\n\n\t\t\t\t\t\t\t\t\t\t\n\t\t\t\t\t\t<span class=\"text\" style=\"text-align:center;\">\n\t\t\t\t\t\t\t\t<span class=\"title\" style=\"\">\n\t\t\t\t\tT\u00e9lecharger\t\t\t\t<\/span>\n\t\t\t\t\t\t\t\t\t\t\t<\/span>\n\t\t\t\n\t\t\t\t\t\t\t\t\t\t\t\t<span class=\"icon\" style=\"text-align:center;\">\n\t\t\t\t\t\t<i class=\"fa fa-clipboard\" ><\/i>\n\t\t\t\t\t<\/span>\n\t\t\t\t\t\t\t\t\t<\/span>\n\t<\/span>\n<\/a>\n\n","protected":false},"excerpt":{"rendered":"<p>Ordre du jour : Avancements de grade, Budget principal, cantines, CLETC, convention centre de gestion, d\u00e9chetteries, d\u00e9cision modificative, finances, fourri\u00e8re animale, GEMAPI;, Gorges de la Fou, maison de sant\u00e9, MAJ tableau des effectifs, mise \u00e0 disposition, Motion de soutien aux Maires de Catalunya Sud, MSAP, personnel, PLU, Statuts, tour de ste anne, Tourisme, transfert cr\u00e8che [&hellip;]<\/p>\n","protected":false},"author":2,"featured_media":987,"comment_status":"closed","ping_status":"closed","sticky":false,"template":"","format":"standard","meta":{"footnotes":""},"categories":[148],"tags":[158,172,164,192,266,160,152,174,166,176,188,180,150,162,156,178,186,154,184,182,168,190,170],"_links":{"self":[{"href":"https:\/\/www.haut-vallespir.fr\/index.php?rest_route=\/wp\/v2\/posts\/443"}],"collection":[{"href":"https:\/\/www.haut-vallespir.fr\/index.php?rest_route=\/wp\/v2\/posts"}],"about":[{"href":"https:\/\/www.haut-vallespir.fr\/index.php?rest_route=\/wp\/v2\/types\/post"}],"author":[{"embeddable":true,"href":"https:\/\/www.haut-vallespir.fr\/index.php?rest_route=\/wp\/v2\/users\/2"}],"replies":[{"embeddable":true,"href":"https:\/\/www.haut-vallespir.fr\/index.php?rest_route=%2Fwp%2Fv2%2Fcomments&post=443"}],"version-history":[{"count":6,"href":"https:\/\/www.haut-vallespir.fr\/index.php?rest_route=\/wp\/v2\/posts\/443\/revisions"}],"predecessor-version":[{"id":767,"href":"https:\/\/www.haut-vallespir.fr\/index.php?rest_route=\/wp\/v2\/posts\/443\/revisions\/767"}],"wp:featuredmedia":[{"embeddable":true,"href":"https:\/\/www.haut-vallespir.fr\/index.php?rest_route=\/wp\/v2\/media\/987"}],"wp:attachment":[{"href":"https:\/\/www.haut-vallespir.fr\/index.php?rest_route=%2Fwp%2Fv2%2Fmedia&parent=443"}],"wp:term":[{"taxonomy":"category","embeddable":true,"href":"https:\/\/www.haut-vallespir.fr\/index.php?rest_route=%2Fwp%2Fv2%2Fcategories&post=443"},{"taxonomy":"post_tag","embeddable":true,"href":"https:\/\/www.haut-vallespir.fr\/index.php?rest_route=%2Fwp%2Fv2%2Ftags&post=443"}],"curies":[{"name":"wp","href":"https:\/\/api.w.org\/{rel}","templated":true}]}}