{"id":3195,"date":"2022-02-17T10:51:15","date_gmt":"2022-02-17T09:51:15","guid":{"rendered":"https:\/\/www.haut-vallespir.fr\/?p=3195"},"modified":"2025-12-18T08:56:32","modified_gmt":"2025-12-18T07:56:32","slug":"guide-amiante-pour-les-particuliers","status":"publish","type":"post","link":"https:\/\/www.haut-vallespir.fr\/?p=3195","title":{"rendered":"Guide amiante pour les particuliers"},"content":{"rendered":"<h5>VOUS AVEZ DES D\u00c9CHETS D\u2019AMIANTE LI\u00c9E ?<br \/>\nHALTE AUX D\u00c9P\u00d4TS SAUVAGES !<\/h5>\n<h5>\nVOTRE COLLECTIVIT\u00c9 ET LE SYDETOM66 VOUS PROPOSENT UNE SOLUTION GRATUITE !<br \/>\nL\u2019AMIANTE : UN MAT\u00c9RIAU DANGEREUX ET UN D\u00c9CHET R\u00c9GLEMENT\u00c9 !<\/h5>\n<p>Lorsque ses fibres sont lib\u00e9r\u00e9es, l\u2019amiante est dangereuse pour la sant\u00e9. Son caract\u00e8re canc\u00e9rig\u00e8ne explique son interdiction dans les constructions depuis 1997. C\u2019est pourquoi il faut faire preuve de prudence en s\u2019interdisant de casser, percer ou frotter les d\u00e9chets d\u2019amiante.<br \/>\nCeux-ci doivent \u00eatre confi\u00e9s \u00e0 une entreprise sp\u00e9cialis\u00e9e et agr\u00e9\u00e9e pour son \u00e9limination. Dans votre secteur, l\u2019entreprise SARL Patrick TUBERT \u00e0 ELNE a en charge cette r\u00e9ception.<\/p>\n<p>UNE SOLUTION LOCALE :<\/p>\n<p>En tant que particulier, dans le cadre de vos travaux, vous pouvez b\u00e9n\u00e9ficier d\u2019une \u00e9limination gratuite de vos d\u00e9chets amiant\u00e9s (plaques, tubes\u2026) dans la limite :<br \/>\n-1 apport par mois<br \/>\n&#8211; maxi 250 kg<br \/>\nLa proc\u00e9dure d\u00e9marre dans votre d\u00e9ch\u00e8terie.<\/p>\n<h5>T\u00e9l\u00e9chargez le guide :<\/h5>\n<div class=\"sdm_download_item \"><div class=\"sdm_download_item_top\"><div class=\"sdm_download_thumbnail\"><\/div><div class=\"sdm_download_title\">Bon de prise en charge amiante<\/div><\/div><div style=\"clear:both;\"><\/div><div class=\"sdm_download_description\"><\/div><div class=\"sdm_download_link\"><span class=\"sdm_download_button\"><a href=\"https:\/\/www.haut-vallespir.fr\/?sdm_process_download=1&download_id=7798\" class=\"sdm_download green\" title=\"Bon de prise en charge amiante\" target=\"_self\">T\u00e9l\u00e9charger<\/a><\/span><span class=\"sdm_download_item_count\"><span class=\"sdm_item_count_number\">152<\/span><span class=\"sdm_item_count_string\"> T\u00e9l\u00e9chargements<\/span><\/span><\/div><\/div><div class=\"sdm_clear_float\"><\/div>\n","protected":false},"excerpt":{"rendered":"<p>VOUS AVEZ DES D\u00c9CHETS D\u2019AMIANTE LI\u00c9E ? HALTE AUX D\u00c9P\u00d4TS SAUVAGES ! VOTRE COLLECTIVIT\u00c9 ET LE SYDETOM66 VOUS PROPOSENT UNE SOLUTION GRATUITE ! L\u2019AMIANTE : UN MAT\u00c9RIAU DANGEREUX ET UN D\u00c9CHET R\u00c9GLEMENT\u00c9 ! Lorsque ses fibres sont lib\u00e9r\u00e9es, l\u2019amiante est dangereuse pour la sant\u00e9. Son caract\u00e8re canc\u00e9rig\u00e8ne explique son interdiction dans les constructions depuis 1997. [&hellip;]<\/p>\n","protected":false},"author":4,"featured_media":0,"comment_status":"closed","ping_status":"closed","sticky":false,"template":"","format":"standard","meta":{"footnotes":""},"categories":[272,391,100],"tags":[],"_links":{"self":[{"href":"https:\/\/www.haut-vallespir.fr\/index.php?rest_route=\/wp\/v2\/posts\/3195"}],"collection":[{"href":"https:\/\/www.haut-vallespir.fr\/index.php?rest_route=\/wp\/v2\/posts"}],"about":[{"href":"https:\/\/www.haut-vallespir.fr\/index.php?rest_route=\/wp\/v2\/types\/post"}],"author":[{"embeddable":true,"href":"https:\/\/www.haut-vallespir.fr\/index.php?rest_route=\/wp\/v2\/users\/4"}],"replies":[{"embeddable":true,"href":"https:\/\/www.haut-vallespir.fr\/index.php?rest_route=%2Fwp%2Fv2%2Fcomments&post=3195"}],"version-history":[{"count":5,"href":"https:\/\/www.haut-vallespir.fr\/index.php?rest_route=\/wp\/v2\/posts\/3195\/revisions"}],"predecessor-version":[{"id":7800,"href":"https:\/\/www.haut-vallespir.fr\/index.php?rest_route=\/wp\/v2\/posts\/3195\/revisions\/7800"}],"wp:attachment":[{"href":"https:\/\/www.haut-vallespir.fr\/index.php?rest_route=%2Fwp%2Fv2%2Fmedia&parent=3195"}],"wp:term":[{"taxonomy":"category","embeddable":true,"href":"https:\/\/www.haut-vallespir.fr\/index.php?rest_route=%2Fwp%2Fv2%2Fcategories&post=3195"},{"taxonomy":"post_tag","embeddable":true,"href":"https:\/\/www.haut-vallespir.fr\/index.php?rest_route=%2Fwp%2Fv2%2Ftags&post=3195"}],"curies":[{"name":"wp","href":"https:\/\/api.w.org\/{rel}","templated":true}]}}