{"id":2664,"date":"2021-06-07T07:37:22","date_gmt":"2021-06-07T06:37:22","guid":{"rendered":"https:\/\/www.haut-vallespir.fr\/?p=2664"},"modified":"2021-06-07T07:37:22","modified_gmt":"2021-06-07T06:37:22","slug":"sydetom66-lettre-infos-dechets","status":"publish","type":"post","link":"https:\/\/www.haut-vallespir.fr\/?p=2664","title":{"rendered":"Sydetom66 &#8211; Lettre Infos D\u00e9chets"},"content":{"rendered":"<p>&nbsp;<\/p>\n<table width=\"100%\">\n<tbody>\n<tr>\n<td>\n<table style=\"height: 4004px;\" width=\"1307\">\n<tbody>\n<tr>\n<td><a href=\"https:\/\/www.haut-vallespir.fr\/wp-content\/uploads\/2021\/06\/1.jpg\"><img loading=\"lazy\" decoding=\"async\" class=\"aligncenter size-full wp-image-2665\" src=\"https:\/\/www.haut-vallespir.fr\/wp-content\/uploads\/2021\/06\/1.jpg\" alt=\"\" width=\"800\" height=\"247\" srcset=\"https:\/\/www.haut-vallespir.fr\/wp-content\/uploads\/2021\/06\/1.jpg 800w, https:\/\/www.haut-vallespir.fr\/wp-content\/uploads\/2021\/06\/1-300x93.jpg 300w, https:\/\/www.haut-vallespir.fr\/wp-content\/uploads\/2021\/06\/1-768x237.jpg 768w\" sizes=\"(max-width: 800px) 100vw, 800px\" \/><\/a><\/td>\n<\/tr>\n<tr>\n<td>\n<table width=\"94%\">\n<tbody>\n<tr>\n<td>\n<h4><strong>30% DE LA POUBELLE JAUNE N&rsquo;EST PAS RECYCL\u00c9E<\/strong><\/h4>\n<table width=\"100%\">\n<tbody>\n<tr>\n<td width=\"50%\"><a href=\"https:\/\/www.haut-vallespir.fr\/wp-content\/uploads\/2021\/06\/2.jpg\"><img loading=\"lazy\" decoding=\"async\" class=\"aligncenter size-full wp-image-2666\" src=\"https:\/\/www.haut-vallespir.fr\/wp-content\/uploads\/2021\/06\/2.jpg\" alt=\"\" width=\"800\" height=\"641\" srcset=\"https:\/\/www.haut-vallespir.fr\/wp-content\/uploads\/2021\/06\/2.jpg 800w, https:\/\/www.haut-vallespir.fr\/wp-content\/uploads\/2021\/06\/2-300x240.jpg 300w, https:\/\/www.haut-vallespir.fr\/wp-content\/uploads\/2021\/06\/2-768x615.jpg 768w\" sizes=\"(max-width: 800px) 100vw, 800px\" \/><\/a><\/td>\n<td width=\"24\"><\/td>\n<td>\n<table width=\"100%\">\n<tbody>\n<tr>\n<td>\n<h3>Le mot du Pr\u00e9sident<\/h3>\n<\/td>\n<\/tr>\n<\/tbody>\n<\/table>\n<p>\u200bLorsque le d\u00e9partement des Pyr\u00e9n\u00e9es Orientales a bascul\u00e9, fin 2016, dans la simplification des consignes de tri avec pour seul mot d&rsquo;ordre <em>\u00ab\u00a0Maintenant tous les emballages se trient\u00a0\u00bb<\/em>, nous pensions que <strong>cette simplification du geste de tri allait permettre de clarifier le tri pour les usagers, am\u00e9liorer les taux de recyclage des emballages m\u00e9nagers<\/strong> et atteindre l&rsquo;objectif national fix\u00e9 \u00e0 75% par le Grenelle de l&rsquo;environnement et la Loi de Transition \u00c9nerg\u00e9tique pour la Croissance Verte (LTECV). <strong>5 ans apr\u00e8s le bilan est mitig\u00e9.<\/strong> M\u00eame si les tonnages collect\u00e9s ont fortement progress\u00e9, on constate une <strong>d\u00e9gradation importante de la qualit\u00e9 du tri. Pr\u00e8s de 30% de la poubelle jaune (+ de 7 000 tonnes\/an) est aujourd&rsquo;hui constitu\u00e9e d&rsquo;erreurs de tri<\/strong> qui, non seulement polluent le gisement, mais r\u00e9duisent aussi \u00e0 n\u00e9ant les efforts de certains et entra\u00eenent des surco\u00fbts de traitement (+600 000\u20ac\/an). Pourtant, ces erreurs sont clairement identifi\u00e9es et faciles \u00e0 corriger. <strong>Les sacs d&rsquo;ordures m\u00e9nag\u00e8res, les objets, les d\u00e9chets d&rsquo;activit\u00e9s de soins, les emballages embo\u00eet\u00e9s ne doivent pas \u00eatre jet\u00e9s dans la poubelle jaune.<\/strong> Celle-ci ne doit contenir <strong>QUE DES EMBALLAGES jet\u00e9s EN VRAC, APLATIS ET BIEN VID\u00c9S!<\/strong><\/td>\n<\/tr>\n<\/tbody>\n<\/table>\n<p>Le Sydetom66 lancera, d\u00e8s le 12 juin prochain, une importante campagne de communication d\u00e9partementale afin que chacun d&rsquo;entre nous se remobilise.<\/p>\n<p>Bien trier r\u00e9duit notre impact \u00e9cologique, pr\u00e9serve les ressources naturelles, limite les co\u00fbts de traitement de nos d\u00e9chets,<\/p>\n<p><strong>BIEN TRIER C&rsquo;EST FACILE&#8230;MAIS PAS N&rsquo;IMPORTE COMMENT!<\/strong><\/p>\n<p><strong>ERREURS DE TRI LES PLUS COURANTES<\/strong><\/p>\n<p><strong>30% DE LA POUBELLE JAUNE N&rsquo;EST PAS RECYCL\u00c9E<\/strong><\/p>\n<h4><strong>Les ordures m\u00e9nag\u00e8res:<\/strong><\/h4>\n<p>En sacs ou en vrac,<strong> les ordures m\u00e9nag\u00e8res ne sont pas recyclables et n&rsquo;ont rien \u00e0 faire dans les poubelles jaunes.<\/strong> Les sacs sont m\u00e9caniquement \u00e9cart\u00e9s d\u00e8s le d\u00e9but du process de tri. Quand les ordures m\u00e9nag\u00e8res sont jet\u00e9es dans la poubelle jaune, <strong>elles souillent les d\u00e9chets recyclables et limitent la possibilit\u00e9 de les recycler.<\/strong> Cette pollution g\u00e9n\u00e8re aussi des <strong>probl\u00e8mes d&rsquo;hygi\u00e8ne et de s\u00e9curit\u00e9 pour le personnel du centre de tri.<\/strong> Ce ph\u00e9nom\u00e8ne est important, c&rsquo;est <strong>la principale cause du refus de tri.<\/strong><\/p>\n<p><a href=\"https:\/\/www.haut-vallespir.fr\/wp-content\/uploads\/2021\/06\/3.jpg\"><img loading=\"lazy\" decoding=\"async\" class=\" wp-image-2668 alignleft\" src=\"https:\/\/www.haut-vallespir.fr\/wp-content\/uploads\/2021\/06\/3.jpg\" alt=\"\" width=\"643\" height=\"917\" srcset=\"https:\/\/www.haut-vallespir.fr\/wp-content\/uploads\/2021\/06\/3.jpg 800w, https:\/\/www.haut-vallespir.fr\/wp-content\/uploads\/2021\/06\/3-211x300.jpg 211w, https:\/\/www.haut-vallespir.fr\/wp-content\/uploads\/2021\/06\/3-719x1024.jpg 719w, https:\/\/www.haut-vallespir.fr\/wp-content\/uploads\/2021\/06\/3-768x1094.jpg 768w\" sizes=\"(max-width: 643px) 100vw, 643px\" \/><\/a><\/p>\n<p>&nbsp;<\/p>\n<p>&nbsp;<\/p>\n<p>&nbsp;<\/p>\n<p>&nbsp;<\/p>\n<p>&nbsp;<\/p>\n<p>&nbsp;<\/p>\n<p>&nbsp;<\/p>\n<p>&nbsp;<\/p>\n<p>&nbsp;<\/p>\n<p>&nbsp;<\/p>\n<p>&nbsp;<\/p>\n<p>&nbsp;<\/p>\n<p>&nbsp;<\/p>\n<p>&nbsp;<\/p>\n<p>&nbsp;<\/p>\n<p>&nbsp;<\/p>\n<p>&nbsp;<\/p>\n<p>&nbsp;<\/p>\n<p>&nbsp;<\/p>\n<p>&nbsp;<\/p>\n<p>&nbsp;<\/p>\n<p>&nbsp;<\/p>\n<h4><strong>Les d\u00e9chets de soins:<\/strong><\/h4>\n<p>Jet\u00e9s dans les poubelles jaunes, <strong>les d\u00e9chets de soins (DASRI) repr\u00e9sentent un r\u00e9el danger pour tout le personnel de la fili\u00e8re de recyclage des d\u00e9chets<\/strong>. Malheureusement, <strong>nous enregistrons r\u00e9guli\u00e8rement des accidents dus \u00e0 la pr\u00e9sence d\u2019aiguilles, de coupants ou de tranchants.<\/strong> Il est demand\u00e9 aussi de ne pas utiliser les sacs jaunes DASRI comme de banals sacs car la signal\u00e9tique imprim\u00e9e dessus a pour objectif d\u2019indiquer que le contenu du sac est potentiellement dangereux. <strong>Si vous \u00eates d\u00e9tenteurs de d\u00e9chets de soins, nous vous invitons \u00e0 vous rapprocher de votre pharmacien qui vous indiquera la marche \u00e0 suivre.<\/strong><\/p>\n<table>\n<tbody>\n<tr>\n<td width=\"49%\"><a href=\"https:\/\/www.haut-vallespir.fr\/wp-content\/uploads\/2021\/06\/4.jpg\"><img loading=\"lazy\" decoding=\"async\" class=\"aligncenter size-full wp-image-2669\" src=\"https:\/\/www.haut-vallespir.fr\/wp-content\/uploads\/2021\/06\/4.jpg\" alt=\"\" width=\"800\" height=\"1140\" srcset=\"https:\/\/www.haut-vallespir.fr\/wp-content\/uploads\/2021\/06\/4.jpg 800w, https:\/\/www.haut-vallespir.fr\/wp-content\/uploads\/2021\/06\/4-211x300.jpg 211w, https:\/\/www.haut-vallespir.fr\/wp-content\/uploads\/2021\/06\/4-719x1024.jpg 719w, https:\/\/www.haut-vallespir.fr\/wp-content\/uploads\/2021\/06\/4-768x1094.jpg 768w\" sizes=\"(max-width: 800px) 100vw, 800px\" \/><\/a><\/td>\n<td width=\"2%\"><\/td>\n<td width=\"49%\"><\/td>\n<\/tr>\n<\/tbody>\n<\/table>\n<h4><strong>Les d\u00e9chets recyclables enferm\u00e9s dans des sacs:<\/strong><\/h4>\n<p>Pour des questions pratiques, <strong>les sacs plastiques sont trop souvent utilis\u00e9s pour stocker et transporter les d\u00e9chets recyclables. Il est donc primordial de rappeler l\u2019importance de JETER EN VRAC dans la poubelle jaune.<\/strong> Afin d\u2019assurer la s\u00e9curit\u00e9 du personnel mais aussi faciliter le tri et le recyclage, tous les sacs sont syst\u00e9matiquement \u00e9cart\u00e9s de la cha\u00eene de tri et ce, peu importe leur contenu.<\/p>\n<p>Il est donc pr\u00e9f\u00e9rable d\u2019utiliser les sacs cabas r\u00e9utilisables qui sont tout aussi pratiques et plus \u00e9cologiques.<\/p>\n<p>&nbsp;<\/p>\n<p><a href=\"https:\/\/www.haut-vallespir.fr\/wp-content\/uploads\/2021\/06\/5.jpg\"><img loading=\"lazy\" decoding=\"async\" class=\" wp-image-2670 alignleft\" src=\"https:\/\/www.haut-vallespir.fr\/wp-content\/uploads\/2021\/06\/5.jpg\" alt=\"\" width=\"673\" height=\"959\" srcset=\"https:\/\/www.haut-vallespir.fr\/wp-content\/uploads\/2021\/06\/5.jpg 800w, https:\/\/www.haut-vallespir.fr\/wp-content\/uploads\/2021\/06\/5-211x300.jpg 211w, https:\/\/www.haut-vallespir.fr\/wp-content\/uploads\/2021\/06\/5-719x1024.jpg 719w, https:\/\/www.haut-vallespir.fr\/wp-content\/uploads\/2021\/06\/5-768x1094.jpg 768w\" sizes=\"(max-width: 673px) 100vw, 673px\" \/><\/a><\/p>\n<p>&nbsp;<\/p>\n<p>&nbsp;<\/p>\n<p>&nbsp;<\/p>\n<p>&nbsp;<\/p>\n<p>&nbsp;<\/p>\n<p>&nbsp;<\/p>\n<p>&nbsp;<\/p>\n<p>&nbsp;<\/p>\n<p>&nbsp;<\/p>\n<p>&nbsp;<\/p>\n<p>&nbsp;<\/p>\n<p>&nbsp;<\/p>\n<p>&nbsp;<\/p>\n<p>&nbsp;<\/p>\n<p>&nbsp;<\/p>\n<p>&nbsp;<\/p>\n<p>&nbsp;<\/p>\n<p>&nbsp;<\/p>\n<p>&nbsp;<\/p>\n<p>&nbsp;<\/p>\n<p>&nbsp;<\/p>\n<p>&nbsp;<\/p>\n<p>&nbsp;<\/p>\n<h4><strong>Les d\u00e9chets embo\u00eet\u00e9s:<\/strong><\/h4>\n<p>Depuis l\u2019\u00e9largissement des consignes de tri \u00e0 tous les emballages, nous constatons que <strong>de plus en plus d\u2019usagers embo\u00eetent les emballages les uns dans les autres pour gagner de la place dans leurs poubelles. CETTE PRATIQUE BLOQUE LA POSSIBILIT\u00c9 DE LES RECYCLER<\/strong>. En effet, quand les emballages sont collect\u00e9s dans les camions, ils sont l\u00e9g\u00e8rement compact\u00e9s pour optimiser les co\u00fbts. Arriv\u00e9s <strong>au centre de tri, les emballages embo\u00eet\u00e9s et compact\u00e9s sont devenus indissociables et par cons\u00e9quent, ils ne peuvent \u00eatre tri\u00e9s en vue de leur recyclage. <\/strong>La meilleure technique pour gagner de la place dans vos poubelles, consiste \u00e0 <strong>aplatir vos bouteilles en plastique et \u00e0 plier vos cartons.<\/strong> Avec cette astuce, <strong>vous pouvez gagner jusqu\u2019\u00e0 30% d\u2019espace dans vos poubelles jaunes.<\/strong><\/p>\n<p>&nbsp;<\/p>\n<table>\n<tbody>\n<tr>\n<td width=\"49%\"><a href=\"https:\/\/www.haut-vallespir.fr\/wp-content\/uploads\/2021\/06\/6.jpg\"><img loading=\"lazy\" decoding=\"async\" class=\"aligncenter size-full wp-image-2671\" src=\"https:\/\/www.haut-vallespir.fr\/wp-content\/uploads\/2021\/06\/6.jpg\" alt=\"\" width=\"800\" height=\"1140\" srcset=\"https:\/\/www.haut-vallespir.fr\/wp-content\/uploads\/2021\/06\/6.jpg 800w, https:\/\/www.haut-vallespir.fr\/wp-content\/uploads\/2021\/06\/6-211x300.jpg 211w, https:\/\/www.haut-vallespir.fr\/wp-content\/uploads\/2021\/06\/6-719x1024.jpg 719w, https:\/\/www.haut-vallespir.fr\/wp-content\/uploads\/2021\/06\/6-768x1094.jpg 768w\" sizes=\"(max-width: 800px) 100vw, 800px\" \/><\/a><\/td>\n<td width=\"2%\"><\/td>\n<td width=\"49%\"><a href=\"https:\/\/www.haut-vallespir.fr\/wp-content\/uploads\/2021\/06\/7.jpg\"><img loading=\"lazy\" decoding=\"async\" class=\"aligncenter size-full wp-image-2672\" src=\"https:\/\/www.haut-vallespir.fr\/wp-content\/uploads\/2021\/06\/7.jpg\" alt=\"\" width=\"800\" height=\"1140\" srcset=\"https:\/\/www.haut-vallespir.fr\/wp-content\/uploads\/2021\/06\/7.jpg 800w, https:\/\/www.haut-vallespir.fr\/wp-content\/uploads\/2021\/06\/7-211x300.jpg 211w, https:\/\/www.haut-vallespir.fr\/wp-content\/uploads\/2021\/06\/7-719x1024.jpg 719w, https:\/\/www.haut-vallespir.fr\/wp-content\/uploads\/2021\/06\/7-768x1094.jpg 768w\" sizes=\"(max-width: 800px) 100vw, 800px\" \/><\/a><\/td>\n<\/tr>\n<\/tbody>\n<\/table>\n<h4><strong>Les objets:<\/strong><\/h4>\n<p>Une confusion s\u2019est install\u00e9e sur l\u2019utilisation de la poubelle jaune. Certains partent du principe que tout peut \u00eatre recycl\u00e9.<\/p>\n<p>Ce n\u2019est pas le cas :<strong> le centre de tri est \u00e9quip\u00e9 et r\u00e9gl\u00e9 pour s\u00e9parer UNIQUEMENT LES PAPIERS ET LES EMBALLAGES. La pr\u00e9sence d\u2019objets g\u00eane consid\u00e9rablement son bon fonctionnement: ils ab\u00eement ou bloquent la cha\u00eene de tri.<\/strong> A chaque d\u00e9chet, sa poubelle. <strong>Les petits obje<\/strong><strong>ts<\/strong><strong> peuvent \u00eatre jet\u00e9s dans la poubelle d\u2019ordures m\u00e9nag\u00e8res. Tous les autres objets disposent de fili\u00e8res sp\u00e9cifiques en d\u00e9ch\u00e8terie.<\/strong><\/p>\n<p><strong>Enfin, pensez aux ressourceries qui r\u00e9parent les objets pour leur donner une seconde vie.<\/strong><\/p>\n<table>\n<tbody>\n<tr>\n<td width=\"49%\"><a href=\"https:\/\/www.haut-vallespir.fr\/wp-content\/uploads\/2021\/06\/8.jpg\"><img loading=\"lazy\" decoding=\"async\" class=\"aligncenter size-full wp-image-2673\" src=\"https:\/\/www.haut-vallespir.fr\/wp-content\/uploads\/2021\/06\/8.jpg\" alt=\"\" width=\"800\" height=\"1140\" srcset=\"https:\/\/www.haut-vallespir.fr\/wp-content\/uploads\/2021\/06\/8.jpg 800w, https:\/\/www.haut-vallespir.fr\/wp-content\/uploads\/2021\/06\/8-211x300.jpg 211w, https:\/\/www.haut-vallespir.fr\/wp-content\/uploads\/2021\/06\/8-719x1024.jpg 719w, https:\/\/www.haut-vallespir.fr\/wp-content\/uploads\/2021\/06\/8-768x1094.jpg 768w\" sizes=\"(max-width: 800px) 100vw, 800px\" \/><\/a><\/td>\n<td width=\"2%\"><\/td>\n<td width=\"49%\"><a href=\"https:\/\/www.haut-vallespir.fr\/wp-content\/uploads\/2021\/06\/9.jpg\"><img loading=\"lazy\" decoding=\"async\" class=\"aligncenter size-full wp-image-2674\" src=\"https:\/\/www.haut-vallespir.fr\/wp-content\/uploads\/2021\/06\/9.jpg\" alt=\"\" width=\"800\" height=\"1140\" srcset=\"https:\/\/www.haut-vallespir.fr\/wp-content\/uploads\/2021\/06\/9.jpg 800w, https:\/\/www.haut-vallespir.fr\/wp-content\/uploads\/2021\/06\/9-211x300.jpg 211w, https:\/\/www.haut-vallespir.fr\/wp-content\/uploads\/2021\/06\/9-719x1024.jpg 719w, https:\/\/www.haut-vallespir.fr\/wp-content\/uploads\/2021\/06\/9-768x1094.jpg 768w\" sizes=\"(max-width: 800px) 100vw, 800px\" \/><\/a><\/td>\n<\/tr>\n<\/tbody>\n<\/table>\n<h4><strong>LA CAMPAGNE DE COMMUNICATION D\u00c9PARTEMENTALE<\/strong><\/h4>\n<p><strong>La campagne de communication d\u00e9partementale d\u00e9butera par une conf\u00e9rence de presse<\/strong> <strong>organis\u00e9e au Centre de Tri le 7 juin prochain.<\/strong> L&rsquo;objectif est d&rsquo;impliquer la presse locale (presse \u00e9crite, radios, TV, WEB) pour qu&rsquo;elle joue pleinement son r\u00f4le informatif aupr\u00e8s de la population. <strong>Elle se d\u00e9roulera sur une p\u00e9riode de 6 mois \u00e0 partir du 12 juin et utilisera divers supports.<\/strong><\/p>\n<p><strong>Les supports de communication:<\/strong><\/p>\n<p><strong>L&rsquo;Ind\u00e9pendant:<\/strong><\/p>\n<ul>\n<li><strong>1 magazine <\/strong>(8 pages) <strong>tir\u00e9 \u00e0 45 000 exemplaires, en suppl\u00e9ment du journal L&rsquo;Ind\u00e9pendant du 12 juin + 5 000 exemplaires mis \u00e0 disposition dans les collectivit\u00e9s <\/strong>\u00e0 partir du mois de novembre.<\/li>\n<li><strong>1 double bandeau<\/strong> (espace publicitaire) dans les \u00e9ditions de l&rsquo;ind\u00e9pendant des 16 et 20 juin.<\/li>\n<li><strong>Des publicit\u00e9s dans L\u2019Ind\u00e9pendant digital <\/strong>(5 jours \u00e0 partir du 16 jusqu&rsquo;au 25 juin).<\/li>\n<\/ul>\n<p><strong>Des panneaux urbains num\u00e9riques:\u200b<\/strong><\/p>\n<ul>\n<li><strong>Du 21 au 27 juin<\/strong><\/li>\n<li><strong>Du 15 au 21 novembre<\/strong><\/li>\n<\/ul>\n<p><strong>TV CAT :\u200b<\/strong><\/p>\n<ul>\n<li><strong>Le Journal T\u00e9l\u00e9vis\u00e9 du 18 juin<\/strong><\/li>\n<li><strong>Des reportages \/ secteurs du 21 au 25 juin rediffus\u00e9s en novembre (micro-trottoirs sur Prades, C\u00e9ret, Argel\u00e8s sur mer, Maury, Font Romeu).<\/strong><\/li>\n<li><strong>1 pleine page dans Le Journal Catalan du 30 juin.<\/strong><\/li>\n<\/ul>\n<p><strong>FACEBOOK:\u200b<\/strong><\/p>\n<ul>\n<li><strong>1 campagne de communication <\/strong>\u00e0 partir du 12 juin<\/li>\n<li><strong>1 campagne multilingue <\/strong>durant les mois de juillet et d&rsquo;ao\u00fbt<\/li>\n<\/ul>\n<p>A l&rsquo;issue de la campagne de communication (fin novembre), <strong>une deuxi\u00e8me conf\u00e9rence de presse sera organis\u00e9e au Centre de Tri<\/strong> <strong>afin de dresser le bilan de l&rsquo;op\u00e9ration et \u00e9valuer les premiers r\u00e9sultats.\u200b<\/strong><\/p>\n<p>\u200b<strong>Les supports de formation:<\/strong><\/p>\n<h4><strong>Le E-LEARNING<\/strong><strong>:<\/strong><\/h4>\n<p><strong>Un dispositif d&rsquo;apprentissage \u00e0 distance et en ligne<\/strong> a \u00e9t\u00e9 cr\u00e9\u00e9, il sera accessible d\u00e8s la mi-juin. Il consiste \u00e0 <strong>mettre \u00e0 disposition sur la cha\u00eene YOUTUBE du Sydetom66, des modules de formation qui d\u00e9livrent un contenu p\u00e9dagogique. Ces modules, accessibles via les t\u00e9l\u00e9phones, tablettes ou ordinateurs traitent tous les aspects de la collecte s\u00e9lective et notamment la probl\u00e9matique du refus de tri. Ce E-learning s&rsquo;adresse \u00e0 toutes les personnes impliqu\u00e9es dans la gestion des d\u00e9chets (\u00e9lus et agents) mais aussi au grand public qui souhaite en savoir plus sur cette probl\u00e9matique. Le Sydetom66 est le 1er syndicat de France \u00e0 proposer ce type d&rsquo;information et d&rsquo;apprentissage.<\/strong><\/p>\n<p><strong>Il est compos\u00e9 de 5 modules, chacun d\u00e9coup\u00e9 en sessions pour une dur\u00e9e totale de 50&rsquo;42 min<\/strong><\/p>\n<ul>\n<li>Module 1:<strong> Le verre<\/strong> (6 sessions)<\/li>\n<li>Module 2:<strong> La collecte s\u00e9lective<\/strong> (5 sessions)<\/li>\n<li>Module 3:<strong> Le Centre de Tri<\/strong> (5 sessions)<\/li>\n<li>Module 4: <strong>Le refus de tri<\/strong> (5 sessions)<\/li>\n<li>Module 5: <strong>La communication <\/strong>(2 sessions).<\/li>\n<\/ul>\n<table>\n<tbody>\n<tr>\n<td width=\"49%\"><a href=\"https:\/\/www.haut-vallespir.fr\/wp-content\/uploads\/2021\/06\/10.jpg\"><img loading=\"lazy\" decoding=\"async\" class=\"aligncenter size-full wp-image-2675\" src=\"https:\/\/www.haut-vallespir.fr\/wp-content\/uploads\/2021\/06\/10.jpg\" alt=\"\" width=\"800\" height=\"450\" srcset=\"https:\/\/www.haut-vallespir.fr\/wp-content\/uploads\/2021\/06\/10.jpg 800w, https:\/\/www.haut-vallespir.fr\/wp-content\/uploads\/2021\/06\/10-300x169.jpg 300w, https:\/\/www.haut-vallespir.fr\/wp-content\/uploads\/2021\/06\/10-768x432.jpg 768w\" sizes=\"(max-width: 800px) 100vw, 800px\" \/><\/a><\/td>\n<td width=\"2%\"><\/td>\n<td width=\"49%\"><a href=\"https:\/\/www.haut-vallespir.fr\/wp-content\/uploads\/2021\/06\/11.jpg\"><img loading=\"lazy\" decoding=\"async\" class=\"aligncenter size-full wp-image-2676\" src=\"https:\/\/www.haut-vallespir.fr\/wp-content\/uploads\/2021\/06\/11.jpg\" alt=\"\" width=\"800\" height=\"450\" srcset=\"https:\/\/www.haut-vallespir.fr\/wp-content\/uploads\/2021\/06\/11.jpg 800w, https:\/\/www.haut-vallespir.fr\/wp-content\/uploads\/2021\/06\/11-300x169.jpg 300w, https:\/\/www.haut-vallespir.fr\/wp-content\/uploads\/2021\/06\/11-768x432.jpg 768w\" sizes=\"(max-width: 800px) 100vw, 800px\" \/><\/a><\/td>\n<\/tr>\n<\/tbody>\n<\/table>\n<h4>\u200b<strong>LES COLLECTIVIT\u00c9S RELAIS DE L\u2019OP\u00c9RATION<\/strong><\/h4>\n<p><strong>En<\/strong> <strong>parall\u00e8le, un kit de communication compos\u00e9 notamment d&rsquo;articles de presse, de visuels, de posts pour les r\u00e9seaux sociaux pr\u00eats \u00e0 l&#8217;emploi, sera adress\u00e9 \u00e0 toutes les collectivit\u00e9s afin qu&rsquo;elles relaient la communication au plus pr\u00e8s de leurs administr\u00e9s. Ces kits, personnalisables aux logos des EPCI, ont \u00e9t\u00e9 valid\u00e9s en amont par les techniciens des services d\u00e9chets et communication des collectivit\u00e9s adh\u00e9rentes lors de la r\u00e9union du \u00ab\u00a0Cercle des communicants\u00a0\u00bb qui s&rsquo;est tenue durant le mois de mai.<\/strong><\/p>\n<table>\n<tbody>\n<tr>\n<td width=\"49%\"><a href=\"https:\/\/www.haut-vallespir.fr\/wp-content\/uploads\/2021\/06\/12.jpg\"><img loading=\"lazy\" decoding=\"async\" class=\"aligncenter size-full wp-image-2677\" src=\"https:\/\/www.haut-vallespir.fr\/wp-content\/uploads\/2021\/06\/12.jpg\" alt=\"\" width=\"800\" height=\"1140\" srcset=\"https:\/\/www.haut-vallespir.fr\/wp-content\/uploads\/2021\/06\/12.jpg 800w, https:\/\/www.haut-vallespir.fr\/wp-content\/uploads\/2021\/06\/12-211x300.jpg 211w, https:\/\/www.haut-vallespir.fr\/wp-content\/uploads\/2021\/06\/12-719x1024.jpg 719w, https:\/\/www.haut-vallespir.fr\/wp-content\/uploads\/2021\/06\/12-768x1094.jpg 768w\" sizes=\"(max-width: 800px) 100vw, 800px\" \/><\/a><\/td>\n<td width=\"2%\"><\/td>\n<td width=\"49%\"><a href=\"https:\/\/www.haut-vallespir.fr\/wp-content\/uploads\/2021\/06\/13.jpg\"><img loading=\"lazy\" decoding=\"async\" class=\"aligncenter size-full wp-image-2678\" src=\"https:\/\/www.haut-vallespir.fr\/wp-content\/uploads\/2021\/06\/13.jpg\" alt=\"\" width=\"800\" height=\"1140\" srcset=\"https:\/\/www.haut-vallespir.fr\/wp-content\/uploads\/2021\/06\/13.jpg 800w, https:\/\/www.haut-vallespir.fr\/wp-content\/uploads\/2021\/06\/13-211x300.jpg 211w, https:\/\/www.haut-vallespir.fr\/wp-content\/uploads\/2021\/06\/13-719x1024.jpg 719w, https:\/\/www.haut-vallespir.fr\/wp-content\/uploads\/2021\/06\/13-768x1094.jpg 768w\" sizes=\"(max-width: 800px) 100vw, 800px\" \/><\/a><\/td>\n<\/tr>\n<\/tbody>\n<\/table>\n<\/td>\n<\/tr>\n<\/tbody>\n<\/table>\n<\/td>\n<\/tr>\n<tr>\n<td>\n<h3 style=\"text-align: left;\">\n<strong>sydetom66.fr<\/strong><\/h3>\n<\/td>\n<\/tr>\n<\/tbody>\n<\/table>\n<p>NATUROPOLE- b\u00e2t I N\u00b09<br \/>\n3 Bd de CLAIRFONT \u2013 CS 40029 \u2013 66350 TOULOUGES<br \/>\nT\u00e9l : 04.68.57.86.86 \/ Fax : 04.68.57.98.73.<br \/>\n<u><\/u><\/td>\n<\/tr>\n<\/tbody>\n<\/table>\n","protected":false},"excerpt":{"rendered":"<p>&nbsp; 30% DE LA POUBELLE JAUNE N&rsquo;EST PAS RECYCL\u00c9E Le mot du Pr\u00e9sident \u200bLorsque le d\u00e9partement des Pyr\u00e9n\u00e9es Orientales a bascul\u00e9, fin 2016, dans la simplification des consignes de tri avec pour seul mot d&rsquo;ordre \u00ab\u00a0Maintenant tous les emballages se trient\u00a0\u00bb, nous pensions que cette simplification du geste de tri allait permettre de clarifier le [&hellip;]<\/p>\n","protected":false},"author":4,"featured_media":0,"comment_status":"closed","ping_status":"closed","sticky":false,"template":"","format":"standard","meta":{"footnotes":""},"categories":[391,100],"tags":[],"_links":{"self":[{"href":"https:\/\/www.haut-vallespir.fr\/index.php?rest_route=\/wp\/v2\/posts\/2664"}],"collection":[{"href":"https:\/\/www.haut-vallespir.fr\/index.php?rest_route=\/wp\/v2\/posts"}],"about":[{"href":"https:\/\/www.haut-vallespir.fr\/index.php?rest_route=\/wp\/v2\/types\/post"}],"author":[{"embeddable":true,"href":"https:\/\/www.haut-vallespir.fr\/index.php?rest_route=\/wp\/v2\/users\/4"}],"replies":[{"embeddable":true,"href":"https:\/\/www.haut-vallespir.fr\/index.php?rest_route=%2Fwp%2Fv2%2Fcomments&post=2664"}],"version-history":[{"count":11,"href":"https:\/\/www.haut-vallespir.fr\/index.php?rest_route=\/wp\/v2\/posts\/2664\/revisions"}],"predecessor-version":[{"id":2688,"href":"https:\/\/www.haut-vallespir.fr\/index.php?rest_route=\/wp\/v2\/posts\/2664\/revisions\/2688"}],"wp:attachment":[{"href":"https:\/\/www.haut-vallespir.fr\/index.php?rest_route=%2Fwp%2Fv2%2Fmedia&parent=2664"}],"wp:term":[{"taxonomy":"category","embeddable":true,"href":"https:\/\/www.haut-vallespir.fr\/index.php?rest_route=%2Fwp%2Fv2%2Fcategories&post=2664"},{"taxonomy":"post_tag","embeddable":true,"href":"https:\/\/www.haut-vallespir.fr\/index.php?rest_route=%2Fwp%2Fv2%2Ftags&post=2664"}],"curies":[{"name":"wp","href":"https:\/\/api.w.org\/{rel}","templated":true}]}}