{"id":2655,"date":"2021-05-27T08:40:36","date_gmt":"2021-05-27T07:40:36","guid":{"rendered":"https:\/\/www.haut-vallespir.fr\/?p=2655"},"modified":"2022-01-14T10:12:46","modified_gmt":"2022-01-14T09:12:46","slug":"conseil-communautaire-du-14-avril-2021","status":"publish","type":"post","link":"https:\/\/www.haut-vallespir.fr\/?p=2655","title":{"rendered":"Conseil Communautaire du 14 avril 2021"},"content":{"rendered":"<h1><img loading=\"lazy\" decoding=\"async\" class=\"alignnone wp-image-987\" src=\"https:\/\/www.haut-vallespir.fr\/wp-content\/uploads\/2018\/09\/conseil-com-300x300.jpg\" alt=\"\" width=\"200\" height=\"200\" srcset=\"https:\/\/www.haut-vallespir.fr\/wp-content\/uploads\/2018\/09\/conseil-com-300x300.jpg 300w, https:\/\/www.haut-vallespir.fr\/wp-content\/uploads\/2018\/09\/conseil-com-150x150.jpg 150w, https:\/\/www.haut-vallespir.fr\/wp-content\/uploads\/2018\/09\/conseil-com.jpg 524w\" sizes=\"(max-width: 200px) 100vw, 200px\" \/><\/h1>\n<h1>Compte rendu du Conseil Communautaire S\u00e9ance du 14 avril \u00e0 17h30, Salle Jean Trescases \u00e0\u00a0 Am\u00e9lie les Bains.<\/h1>\n<h3>Ordre du jour :<\/h3>\n<p>1\/ COMPTES ADMINISTRATIFS 2020<br \/>\n2\/ COMPTES DE GESTION 2020<br \/>\n3\/ AFFECTATIONS DU R\u00c9SULTAT 2020<br \/>\n4\/ ATTRIBUTIONS DE COMPENSATION<br \/>\n5\/ FISCALIT\u00c9 : VOTE DES TAUX, TARIFS ET PRODUITS<br \/>\n6\/ FONDS DE CONCOURS<br \/>\n7\/ VOTE DES BUDGETS 2021<br \/>\n8\/ VIREMENTS DU BUDGET PRINCIPAL AUX BUDGETS ANNEXES<br \/>\n9\/ SECTION DE FONCTIONNEMENT<br \/>\n10\/ SECTION D&rsquo;INVESTISSEMENT<br \/>\n11\/ R\u00c9SEAU DE CHALEUR<br \/>\n12\/ QUESTIONS DIVERSES<\/p>\n<a\n\thref=\"https:\/\/www.haut-vallespir.fr\/download\/3107\/\"\n\ttarget=\"_blank\"\tid=\"ait-sc-button-1\"\n\tclass=\"ait-sc-button alignnone  buticon-right    simple\"\n\tstyle=\"width:250px;\"\n>\n\t<span class=\"container\">\n\t\t<span class=\"wrap\">\n\n\t\t\t\t\t\t\t\t\t\t\n\t\t\t\t\t\t<span class=\"text\" style=\"text-align:center;\">\n\t\t\t\t\t\t\t\t<span class=\"title\" style=\"\">\n\t\t\t\t\tT\u00e9l\u00e9charger l&#039;avis de r\u00e9union\t\t\t\t<\/span>\n\t\t\t\t\t\t\t\t\t\t\t<\/span>\n\t\t\t\n\t\t\t\t\t\t\t\t\t\t\t\t<span class=\"icon\" style=\"text-align:center;\">\n\t\t\t\t\t\t<i class=\"fa fa-clipboard\" ><\/i>\n\t\t\t\t\t<\/span>\n\t\t\t\t\t\t\t\t\t<\/span>\n\t<\/span>\n<\/a>\n\n<a\n\thref=\"https:\/\/www.haut-vallespir.fr\/download\/3110\/\"\n\ttarget=\"_blank\"\tid=\"ait-sc-button-2\"\n\tclass=\"ait-sc-button alignnone  buticon-right    simple\"\n\tstyle=\"width:250px;\"\n>\n\t<span class=\"container\">\n\t\t<span class=\"wrap\">\n\n\t\t\t\t\t\t\t\t\t\t\n\t\t\t\t\t\t<span class=\"text\" style=\"text-align:center;\">\n\t\t\t\t\t\t\t\t<span class=\"title\" style=\"\">\n\t\t\t\t\tT\u00e9l\u00e9charger la note de synth\u00e8se\t\t\t\t<\/span>\n\t\t\t\t\t\t\t\t\t\t\t<\/span>\n\t\t\t\n\t\t\t\t\t\t\t\t\t\t\t\t<span class=\"icon\" style=\"text-align:center;\">\n\t\t\t\t\t\t<i class=\"fa fa-clipboard\" ><\/i>\n\t\t\t\t\t<\/span>\n\t\t\t\t\t\t\t\t\t<\/span>\n\t<\/span>\n<\/a>\n\n<a\n\thref=\"https:\/\/www.haut-vallespir.fr\/download\/2657\/\"\n\ttarget=\"_blank\"\tid=\"ait-sc-button-3\"\n\tclass=\"ait-sc-button alignnone  buticon-right    simple\"\n\tstyle=\"width:250px;\"\n>\n\t<span class=\"container\">\n\t\t<span class=\"wrap\">\n\n\t\t\t\t\t\t\t\t\t\t\n\t\t\t\t\t\t<span class=\"text\" style=\"text-align:center;\">\n\t\t\t\t\t\t\t\t<span class=\"title\" style=\"\">\n\t\t\t\t\tT\u00e9l\u00e9charger le compte-rendu\t\t\t\t<\/span>\n\t\t\t\t\t\t\t\t\t\t\t<\/span>\n\t\t\t\n\t\t\t\t\t\t\t\t\t\t\t\t<span class=\"icon\" style=\"text-align:center;\">\n\t\t\t\t\t\t<i class=\"fa fa-clipboard\" ><\/i>\n\t\t\t\t\t<\/span>\n\t\t\t\t\t\t\t\t\t<\/span>\n\t<\/span>\n<\/a>\n\n<p>&nbsp;<\/p>\n","protected":false},"excerpt":{"rendered":"<p>Compte rendu du Conseil Communautaire S\u00e9ance du 14 avril \u00e0 17h30, Salle Jean Trescases \u00e0\u00a0 Am\u00e9lie les Bains. Ordre du jour : 1\/ COMPTES ADMINISTRATIFS 2020 2\/ COMPTES DE GESTION 2020 3\/ AFFECTATIONS DU R\u00c9SULTAT 2020 4\/ ATTRIBUTIONS DE COMPENSATION 5\/ FISCALIT\u00c9 : VOTE DES TAUX, TARIFS ET PRODUITS 6\/ FONDS DE CONCOURS 7\/ VOTE [&hellip;]<\/p>\n","protected":false},"author":4,"featured_media":0,"comment_status":"closed","ping_status":"closed","sticky":false,"template":"","format":"standard","meta":{"footnotes":""},"categories":[391,148],"tags":[],"_links":{"self":[{"href":"https:\/\/www.haut-vallespir.fr\/index.php?rest_route=\/wp\/v2\/posts\/2655"}],"collection":[{"href":"https:\/\/www.haut-vallespir.fr\/index.php?rest_route=\/wp\/v2\/posts"}],"about":[{"href":"https:\/\/www.haut-vallespir.fr\/index.php?rest_route=\/wp\/v2\/types\/post"}],"author":[{"embeddable":true,"href":"https:\/\/www.haut-vallespir.fr\/index.php?rest_route=\/wp\/v2\/users\/4"}],"replies":[{"embeddable":true,"href":"https:\/\/www.haut-vallespir.fr\/index.php?rest_route=%2Fwp%2Fv2%2Fcomments&post=2655"}],"version-history":[{"count":3,"href":"https:\/\/www.haut-vallespir.fr\/index.php?rest_route=\/wp\/v2\/posts\/2655\/revisions"}],"predecessor-version":[{"id":3112,"href":"https:\/\/www.haut-vallespir.fr\/index.php?rest_route=\/wp\/v2\/posts\/2655\/revisions\/3112"}],"wp:attachment":[{"href":"https:\/\/www.haut-vallespir.fr\/index.php?rest_route=%2Fwp%2Fv2%2Fmedia&parent=2655"}],"wp:term":[{"taxonomy":"category","embeddable":true,"href":"https:\/\/www.haut-vallespir.fr\/index.php?rest_route=%2Fwp%2Fv2%2Fcategories&post=2655"},{"taxonomy":"post_tag","embeddable":true,"href":"https:\/\/www.haut-vallespir.fr\/index.php?rest_route=%2Fwp%2Fv2%2Ftags&post=2655"}],"curies":[{"name":"wp","href":"https:\/\/api.w.org\/{rel}","templated":true}]}}