{"id":2173,"date":"2020-06-05T10:09:13","date_gmt":"2020-06-05T09:09:13","guid":{"rendered":"https:\/\/www.haut-vallespir.fr\/?p=2173"},"modified":"2020-06-05T10:17:58","modified_gmt":"2020-06-05T09:17:58","slug":"reouverture-des-mediatheques-du-haut-vallespir-le-8-juin-2019","status":"publish","type":"post","link":"https:\/\/www.haut-vallespir.fr\/?p=2173","title":{"rendered":"R\u00e9ouverture des m\u00e9diath\u00e8ques du Haut Vallespir le 8 juin 2019"},"content":{"rendered":"<h4>A partir du 8 juin, toutes les m\u00e9diath\u00e8ques du Haut Vallespir r\u00e9-ouvrent leurs portes au public aux horaires habituels.<\/h4>\n<ul>\n<li>Les usagers pourront retourner et emprunter des documents.<\/li>\n<li>Les documents rendus seront isol\u00e9s pendant 10 jours, puis d\u00e9sinfect\u00e9s avant d&rsquo;\u00eatre remis en rayon.<\/li>\n<li>Les espaces\u00a0 informatiques\/Internet ne seront pas accessibles jusqu&rsquo;\u00e0 nouvel ordre.<\/li>\n<li>Pas de consultation sur place de la presse.<\/li>\n<\/ul>\n<h4>Les mesures sanitaires ont \u00e9t\u00e9 mises en place:<\/h4>\n<ul>\n<li>port du masque obligatoire pour les plus de 11 ans.<\/li>\n<li>lavage des mains avec une solution hydroalcoolique mise \u00e0 disposition \u00e0 l&rsquo;entr\u00e9e de chaque m\u00e9diath\u00e8que.<\/li>\n<li>distances de s\u00e9curit\u00e9 et sens de circulation devront \u00eatre respect\u00e9s.<\/li>\n<\/ul>\n<h5>Plus d&rsquo;informations au 04.68.85.05.08<\/h5>\n","protected":false},"excerpt":{"rendered":"<p>A partir du 8 juin, toutes les m\u00e9diath\u00e8ques du Haut Vallespir r\u00e9-ouvrent leurs portes au public aux horaires habituels. Les usagers pourront retourner et emprunter des documents. Les documents rendus seront isol\u00e9s pendant 10 jours, puis d\u00e9sinfect\u00e9s avant d&rsquo;\u00eatre remis en rayon. Les espaces\u00a0 informatiques\/Internet ne seront pas accessibles jusqu&rsquo;\u00e0 nouvel ordre. Pas de consultation [&hellip;]<\/p>\n","protected":false},"author":4,"featured_media":0,"comment_status":"closed","ping_status":"closed","sticky":false,"template":"","format":"standard","meta":{"footnotes":""},"categories":[272],"tags":[],"_links":{"self":[{"href":"https:\/\/www.haut-vallespir.fr\/index.php?rest_route=\/wp\/v2\/posts\/2173"}],"collection":[{"href":"https:\/\/www.haut-vallespir.fr\/index.php?rest_route=\/wp\/v2\/posts"}],"about":[{"href":"https:\/\/www.haut-vallespir.fr\/index.php?rest_route=\/wp\/v2\/types\/post"}],"author":[{"embeddable":true,"href":"https:\/\/www.haut-vallespir.fr\/index.php?rest_route=\/wp\/v2\/users\/4"}],"replies":[{"embeddable":true,"href":"https:\/\/www.haut-vallespir.fr\/index.php?rest_route=%2Fwp%2Fv2%2Fcomments&post=2173"}],"version-history":[{"count":10,"href":"https:\/\/www.haut-vallespir.fr\/index.php?rest_route=\/wp\/v2\/posts\/2173\/revisions"}],"predecessor-version":[{"id":2183,"href":"https:\/\/www.haut-vallespir.fr\/index.php?rest_route=\/wp\/v2\/posts\/2173\/revisions\/2183"}],"wp:attachment":[{"href":"https:\/\/www.haut-vallespir.fr\/index.php?rest_route=%2Fwp%2Fv2%2Fmedia&parent=2173"}],"wp:term":[{"taxonomy":"category","embeddable":true,"href":"https:\/\/www.haut-vallespir.fr\/index.php?rest_route=%2Fwp%2Fv2%2Fcategories&post=2173"},{"taxonomy":"post_tag","embeddable":true,"href":"https:\/\/www.haut-vallespir.fr\/index.php?rest_route=%2Fwp%2Fv2%2Ftags&post=2173"}],"curies":[{"name":"wp","href":"https:\/\/api.w.org\/{rel}","templated":true}]}}