{"id":1579,"date":"2020-05-12T09:19:28","date_gmt":"2020-05-12T08:19:28","guid":{"rendered":"https:\/\/www.haut-vallespir.fr\/?p=1579"},"modified":"2020-05-12T09:19:28","modified_gmt":"2020-05-12T08:19:28","slug":"fonctionnement-des-services-techniques-mai-2020","status":"publish","type":"post","link":"https:\/\/www.haut-vallespir.fr\/?p=1579","title":{"rendered":"Fonctionnement des Services Techniques, mai 2020"},"content":{"rendered":"<h4 style=\"text-align: center;\"><strong>Les Services Techniques de la Communaut\u00e9 de Communes du Haut Vallespir vous informent<\/strong>\u00a0:<\/h4>\n<p>&nbsp;<\/p>\n<ul>\n<li><strong><u>D\u00e9ch\u00e8teries ouvertes aux horaires habituels \u00e0 partir du jeudi 14 Mai :<\/u><\/strong><\/li>\n<\/ul>\n<p>D\u00e9ch\u00e8terie d\u2019Arles sur Tech \u2013 Am\u00e9lie-les-Bains\u00a0: du lundi au samedi de 9h00 \u00e0 12H00 et 13h30 \u00e0 17h30. Fermeture le dimanche et jours f\u00e9ri\u00e9s.<\/p>\n<p>D\u00e9ch\u00e8terie de Prats de Mollo\u00a0: les lundi, mardi, jeudi, vendredi et samedi de 9h00 \u00e0 12H00 et 13h30 \u00e0 17h30. Fermeture le mercredi, le dimanche et jours f\u00e9ri\u00e9s.<\/p>\n<p>D\u00e9ch\u00e8terie de Saint Laurent de Cerdans\u00a0: les lundi, mardi, jeudi, vendredi et samedi de 9h00 \u00e0 12H00 et 13h30 \u00e0 17h30. Fermeture le mercredi, le dimanche et jours f\u00e9ri\u00e9s.<\/p>\n<p>&nbsp;<\/p>\n<ul>\n<li><strong><u>Ramassage des encombrants pour le mois de mai :<\/u><\/strong> Semaine 22 , soit <strong>du 25 au 29 mai 2020<\/strong><\/li>\n<\/ul>\n<p>Lundi 25 mai\u00a0: La Bastide &#8211; Saint Marsal \u2013 Taulis &#8211; Montbolo<\/p>\n<p>Mardi 26 mai\u00a0: Am\u00e9lie-les-Bains &#8211; Palalda<\/p>\n<p>Mercredi 27 mai\u00a0: Prats de Mollo &#8211; La Preste &#8211; Le Tech \u2013 Serralongue \u2013 Laman\u00e8re &#8211; Montferrer<\/p>\n<p>Jeudi 28 mai\u00a0: Saint Laurent de Cerdans &#8211; La Forge del Mitg &#8211; Coustouges<\/p>\n<p>Vendredi 29 mai\u00a0: Arles sur Tech &#8211; Corsavy<\/p>\n<p><em>Le ramassage des encombrants pour le mois de juin sera effectu\u00e9 aux dates pr\u00e9vues\u00a0en d\u00e9but d\u2019ann\u00e9e : Soit la semaine 24, du 8 au 12 juin.<\/em><\/p>\n<p>&nbsp;<\/p>\n<ul>\n<li><u><strong>La collecte des textiles est toujours suspendue.<\/strong> <\/u><\/li>\n<\/ul>\n<p><em>(Nous n\u2019avons \u00e0 ce jour aucune information quant \u00e0 la reprise de la collecte)<\/em><\/p>\n<p>&nbsp;<\/p>\n<ul>\n<li><u><strong>Collecte des Ordures M\u00e9nag\u00e8res\u00a0R\u00e9siduelles :<\/strong> <\/u><\/li>\n<\/ul>\n<p>Le service de collecte des Ordures M\u00e9nag\u00e8res R\u00e9siduelles reprend progressivement sa cadence habituelle \u00e0 partir du mardi 12 mai dans toutes les communes du Haut Vallespir.<\/p>\n<p>&nbsp;<\/p>\n<ul>\n<li><u><strong>Demande de badge magn\u00e9tique pour les d\u00e9ch\u00e8teries de la CCHV :<\/strong> <\/u><\/li>\n<\/ul>\n<p>Si vous avez des demandes de badge, veuillez les scanner et les envoyer par mail au secr\u00e9tariat des Services Techniques.<\/p>\n<p>Vous pouvez \u00e9galement nous en informer par t\u00e9l\u00e9phone du lundi au vendredi de 7h30 \u00e0 12h30.<\/p>\n","protected":false},"excerpt":{"rendered":"<p>Les Services Techniques de la Communaut\u00e9 de Communes du Haut Vallespir vous informent\u00a0: &nbsp; D\u00e9ch\u00e8teries ouvertes aux horaires habituels \u00e0 partir du jeudi 14 Mai : D\u00e9ch\u00e8terie d\u2019Arles sur Tech \u2013 Am\u00e9lie-les-Bains\u00a0: du lundi au samedi de 9h00 \u00e0 12H00 et 13h30 \u00e0 17h30. Fermeture le dimanche et jours f\u00e9ri\u00e9s. D\u00e9ch\u00e8terie de Prats de Mollo\u00a0: [&hellip;]<\/p>\n","protected":false},"author":4,"featured_media":0,"comment_status":"closed","ping_status":"closed","sticky":false,"template":"","format":"standard","meta":{"footnotes":""},"categories":[272,100],"tags":[],"_links":{"self":[{"href":"https:\/\/www.haut-vallespir.fr\/index.php?rest_route=\/wp\/v2\/posts\/1579"}],"collection":[{"href":"https:\/\/www.haut-vallespir.fr\/index.php?rest_route=\/wp\/v2\/posts"}],"about":[{"href":"https:\/\/www.haut-vallespir.fr\/index.php?rest_route=\/wp\/v2\/types\/post"}],"author":[{"embeddable":true,"href":"https:\/\/www.haut-vallespir.fr\/index.php?rest_route=\/wp\/v2\/users\/4"}],"replies":[{"embeddable":true,"href":"https:\/\/www.haut-vallespir.fr\/index.php?rest_route=%2Fwp%2Fv2%2Fcomments&post=1579"}],"version-history":[{"count":3,"href":"https:\/\/www.haut-vallespir.fr\/index.php?rest_route=\/wp\/v2\/posts\/1579\/revisions"}],"predecessor-version":[{"id":1582,"href":"https:\/\/www.haut-vallespir.fr\/index.php?rest_route=\/wp\/v2\/posts\/1579\/revisions\/1582"}],"wp:attachment":[{"href":"https:\/\/www.haut-vallespir.fr\/index.php?rest_route=%2Fwp%2Fv2%2Fmedia&parent=1579"}],"wp:term":[{"taxonomy":"category","embeddable":true,"href":"https:\/\/www.haut-vallespir.fr\/index.php?rest_route=%2Fwp%2Fv2%2Fcategories&post=1579"},{"taxonomy":"post_tag","embeddable":true,"href":"https:\/\/www.haut-vallespir.fr\/index.php?rest_route=%2Fwp%2Fv2%2Ftags&post=1579"}],"curies":[{"name":"wp","href":"https:\/\/api.w.org\/{rel}","templated":true}]}}