{"id":1574,"date":"2020-05-11T15:20:21","date_gmt":"2020-05-11T14:20:21","guid":{"rendered":"https:\/\/www.haut-vallespir.fr\/?p=1574"},"modified":"2020-05-11T15:20:21","modified_gmt":"2020-05-11T14:20:21","slug":"reouverture-des-creches-le-11-mai-2020","status":"publish","type":"post","link":"https:\/\/www.haut-vallespir.fr\/?p=1574","title":{"rendered":"R\u00e9ouverture des cr\u00e8ches le 11 mai 2020"},"content":{"rendered":"<p><span style=\"font-size: 10.0pt; font-family: 'Verdana',sans-serif;\">Tous les enfants fr\u00e9quentant la structure avant le 16 Mars peuvent \u00eatre accueillis, <strong>dans la limite de 10 places maximum par cr\u00e8che et sous r\u00e9serve de places disponibles et non r\u00e9serv\u00e9es \u00e0 des familles respectant les crit\u00e8res de priorit\u00e9 qui sont les suivants:<\/strong><\/span><\/p>\n<ul>\n<li><span style=\"font-size: 10.0pt; font-family: 'Verdana',sans-serif;\">&#8211; Personnel soignant et de sant\u00e9<\/span><\/li>\n<li><span style=\"font-size: 10.0pt; font-family: 'Verdana',sans-serif;\">&#8211; Tout personnel n\u00e9cessaire \u00e0 la gestion de la crise du COVID-19<\/span><\/li>\n<li><span style=\"font-size: 10.0pt; font-family: 'Verdana',sans-serif;\">&#8211; Personnel enseignant et \u00e9ducatif<\/span><\/li>\n<li><span style=\"font-size: 10.0pt; font-family: 'Verdana',sans-serif;\">&#8211; Familles monoparentales, quelque soit la situation professionnelle du parent<\/span><\/li>\n<li><span style=\"font-size: 10.0pt; font-family: 'Verdana',sans-serif;\">&#8211; Familles dont les 2 parents travaillent<\/span><\/li>\n<li><span style=\"font-size: 10.0pt; font-family: 'Verdana',sans-serif;\">&#8211; Familles en difficult\u00e9s sociaux-\u00e9conomiques<\/span><\/li>\n<\/ul>\n<p><span style=\"font-size: 10.0pt; font-family: 'Verdana',sans-serif;\">Actuellement des places sont disponibles sur les cr\u00e8ches d&rsquo;Arles et d&rsquo;Am\u00e9lie pour les enfants qui \u00e9taient accueillis avant le 16 Mars. Sous r\u00e9serve d&rsquo;un accueil d&rsquo;urgence d&rsquo;une famille prioritaire, qui\u00a0entra\u00eenerait une modification ou une suspension de l\u2019accueil.<\/span><\/p>\n<p><span style=\"font-size: 10.0pt; font-family: 'Verdana',sans-serif;\">Pour tout renseignement:<\/span><\/p>\n<h3><span style=\"font-size: 10.0pt; font-family: 'Verdana',sans-serif;\">&#8211; CR\u00c8CHE D&rsquo;ARLES-SUR-TECH: 04 68 37 76 53<\/span><\/h3>\n<h3><span style=\"font-size: 10.0pt; font-family: 'Verdana',sans-serif;\">&#8211; CR\u00c8CHE D&rsquo;AMELIE-LES-BAINS-PALALDA: 04 68 39 37 24\u00a0<\/span><\/h3>\n","protected":false},"excerpt":{"rendered":"<p>Tous les enfants fr\u00e9quentant la structure avant le 16 Mars peuvent \u00eatre accueillis, dans la limite de 10 places maximum par cr\u00e8che et sous r\u00e9serve de places disponibles et non r\u00e9serv\u00e9es \u00e0 des familles respectant les crit\u00e8res de priorit\u00e9 qui sont les suivants: &#8211; Personnel soignant et de sant\u00e9 &#8211; Tout personnel n\u00e9cessaire \u00e0 la [&hellip;]<\/p>\n","protected":false},"author":4,"featured_media":0,"comment_status":"closed","ping_status":"closed","sticky":false,"template":"","format":"standard","meta":{"footnotes":""},"categories":[272,46],"tags":[],"_links":{"self":[{"href":"https:\/\/www.haut-vallespir.fr\/index.php?rest_route=\/wp\/v2\/posts\/1574"}],"collection":[{"href":"https:\/\/www.haut-vallespir.fr\/index.php?rest_route=\/wp\/v2\/posts"}],"about":[{"href":"https:\/\/www.haut-vallespir.fr\/index.php?rest_route=\/wp\/v2\/types\/post"}],"author":[{"embeddable":true,"href":"https:\/\/www.haut-vallespir.fr\/index.php?rest_route=\/wp\/v2\/users\/4"}],"replies":[{"embeddable":true,"href":"https:\/\/www.haut-vallespir.fr\/index.php?rest_route=%2Fwp%2Fv2%2Fcomments&post=1574"}],"version-history":[{"count":3,"href":"https:\/\/www.haut-vallespir.fr\/index.php?rest_route=\/wp\/v2\/posts\/1574\/revisions"}],"predecessor-version":[{"id":1577,"href":"https:\/\/www.haut-vallespir.fr\/index.php?rest_route=\/wp\/v2\/posts\/1574\/revisions\/1577"}],"wp:attachment":[{"href":"https:\/\/www.haut-vallespir.fr\/index.php?rest_route=%2Fwp%2Fv2%2Fmedia&parent=1574"}],"wp:term":[{"taxonomy":"category","embeddable":true,"href":"https:\/\/www.haut-vallespir.fr\/index.php?rest_route=%2Fwp%2Fv2%2Fcategories&post=1574"},{"taxonomy":"post_tag","embeddable":true,"href":"https:\/\/www.haut-vallespir.fr\/index.php?rest_route=%2Fwp%2Fv2%2Ftags&post=1574"}],"curies":[{"name":"wp","href":"https:\/\/api.w.org\/{rel}","templated":true}]}}