{"id":1551,"date":"2020-04-21T09:51:09","date_gmt":"2020-04-21T08:51:09","guid":{"rendered":"https:\/\/www.haut-vallespir.fr\/?p=1551"},"modified":"2020-04-21T09:51:09","modified_gmt":"2020-04-21T08:51:09","slug":"haut-vallespir-reouverture-des-decheteries","status":"publish","type":"post","link":"https:\/\/www.haut-vallespir.fr\/?p=1551","title":{"rendered":"HAUT VALLESPIR : r\u00e9ouverture des d\u00e9ch\u00e8teries"},"content":{"rendered":"<p><img loading=\"lazy\" decoding=\"async\" class=\"aligncenter wp-image-1552\" src=\"https:\/\/www.haut-vallespir.fr\/wp-content\/uploads\/2020\/04\/D\u00e9ch\u00e8terie-2-300x225.jpg\" alt=\"\" width=\"688\" height=\"516\" srcset=\"https:\/\/www.haut-vallespir.fr\/wp-content\/uploads\/2020\/04\/D\u00e9ch\u00e8terie-2-300x225.jpg 300w, https:\/\/www.haut-vallespir.fr\/wp-content\/uploads\/2020\/04\/D\u00e9ch\u00e8terie-2-1024x768.jpg 1024w, https:\/\/www.haut-vallespir.fr\/wp-content\/uploads\/2020\/04\/D\u00e9ch\u00e8terie-2-768x576.jpg 768w, https:\/\/www.haut-vallespir.fr\/wp-content\/uploads\/2020\/04\/D\u00e9ch\u00e8terie-2-1536x1152.jpg 1536w, https:\/\/www.haut-vallespir.fr\/wp-content\/uploads\/2020\/04\/D\u00e9ch\u00e8terie-2-2048x1536.jpg 2048w\" sizes=\"(max-width: 688px) 100vw, 688px\" \/><\/p>\n<h2 style=\"text-align: center;\"><em>Les d\u00e9ch\u00e8teries intercommunales rouvrent aux particuliers et professionnels dans des conditions strictes.<\/em><\/h2>\n<p><strong>\u00a0<\/strong><\/p>\n<h4><strong>Sur demande du Pr\u00e9fet, La Communaut\u00e9 de Communes du Haut Vallespir va ouvrir progressivement ses d\u00e9ch\u00e8teries aux particuliers et professionnels.<\/strong><\/h4>\n<p>La d\u00e9ch\u00e8terie <strong>d\u2019Arles-Am\u00e9lie<\/strong> va rouvrir ses portes \u00e0 partir du <strong>mercredi 22 avril<\/strong>. Elle sera ouverte du lundi au vendredi de 9h00 \u00e0 11H45 et 13h30 \u00e0 17h15. Fermeture le samedi, le dimanche et jours f\u00e9ri\u00e9s.<\/p>\n<p>La d\u00e9ch\u00e8terie de <strong>Prats de Mollo <\/strong>va rouvrir ses portes \u00e0 partir du <strong>jeudi 23 avril<\/strong>. Elle sera ouverte le lundi et le jeudi de 9h00 \u00e0 11H45 et 13h30 \u00e0 17h15. Fermeture les autres jours de la semaine et jours f\u00e9ri\u00e9s.<\/p>\n<p>La d\u00e9ch\u00e8terie de <strong>Saint Laurent de Cerdans<\/strong> va rouvrir ses portes \u00e0 partir du <strong>vendredi 24 avril<\/strong>. Elle sera ouverte le mardi et le vendredi de 9h00 \u00e0 11H45 et 13h30 \u00e0 17h15. Fermeture les autres jours de la semaine et jours f\u00e9ri\u00e9s.<\/p>\n<p>Pour se d\u00e9placer l\u2019usager devra \u00eatre muni du badge d\u2019acc\u00e8s en d\u00e9ch\u00e8terie et de l\u2019attestation de d\u00e9placement d\u00e9rogatoire en cochant \u00ab d\u00e9placement pour effectuer des achats de fournitures n\u00e9cessaires \u00e0 l\u2019activit\u00e9 professionnelle et des achats de premi\u00e8re n\u00e9cessit\u00e9 \u00bb. Attention vous devez limiter vos d\u00e9placement pendant la p\u00e9riode de confinement, le stockage provisoire des d\u00e9chets \u00e0 domicile reste donc encore la meilleure des solutions.<\/p>\n<h4><strong>Des consignes strictes \u00e0 respecter\u00a0:<\/strong><\/h4>\n<p>En raison de l\u2019\u00e9pid\u00e9mie de Coronavirus, la r\u00e9ouverture se d\u00e9roulera dans un respect tr\u00e8s strict des r\u00e8gles sanitaires.<\/p>\n<p>L\u2019acc\u00e8s sera r\u00e9gul\u00e9 et r\u00e9glement\u00e9 \u00e0 1 v\u00e9hicule dans l\u2019enceinte des d\u00e9ch\u00e8teries avec un temps limit\u00e9\u00a0: il est important et fortement conseill\u00e9 de trier et s\u00e9parer les d\u00e9chets par cat\u00e9gorie (carton, ferraille, d\u00e9chets verts\u2026) avant le passage en d\u00e9ch\u00e8terie.<\/p>\n<p>Les usagers sont invit\u00e9s \u00e0 respecter les gestes barri\u00e8res afin de limiter les risques sanitaires. Les distances de s\u00e9curit\u00e9 entre les usagers et les agents des d\u00e9ch\u00e8teries devront donc \u00eatre obligatoirement respect\u00e9es\u00a0: les agents ne pr\u00eateront pas main forte aux usagers pour le d\u00e9chargement des d\u00e9chets du v\u00e9hicule.<\/p>\n<h4 style=\"text-align: center;\"><strong><em>Pour tout autre renseignement, vous pouvez contacter la permanence administrative de la Communaut\u00e9 de Communes du Haut Vallespir au 04.68.21.82.05 du lundi au vendredi de 8h30 \u00e0 12h00.<\/em><\/strong><\/h4>\n","protected":false},"excerpt":{"rendered":"<p>Les d\u00e9ch\u00e8teries intercommunales rouvrent aux particuliers et professionnels dans des conditions strictes. \u00a0 Sur demande du Pr\u00e9fet, La Communaut\u00e9 de Communes du Haut Vallespir va ouvrir progressivement ses d\u00e9ch\u00e8teries aux particuliers et professionnels. La d\u00e9ch\u00e8terie d\u2019Arles-Am\u00e9lie va rouvrir ses portes \u00e0 partir du mercredi 22 avril. Elle sera ouverte du lundi au vendredi de 9h00 [&hellip;]<\/p>\n","protected":false},"author":4,"featured_media":0,"comment_status":"closed","ping_status":"closed","sticky":false,"template":"","format":"standard","meta":{"footnotes":""},"categories":[272],"tags":[],"_links":{"self":[{"href":"https:\/\/www.haut-vallespir.fr\/index.php?rest_route=\/wp\/v2\/posts\/1551"}],"collection":[{"href":"https:\/\/www.haut-vallespir.fr\/index.php?rest_route=\/wp\/v2\/posts"}],"about":[{"href":"https:\/\/www.haut-vallespir.fr\/index.php?rest_route=\/wp\/v2\/types\/post"}],"author":[{"embeddable":true,"href":"https:\/\/www.haut-vallespir.fr\/index.php?rest_route=\/wp\/v2\/users\/4"}],"replies":[{"embeddable":true,"href":"https:\/\/www.haut-vallespir.fr\/index.php?rest_route=%2Fwp%2Fv2%2Fcomments&post=1551"}],"version-history":[{"count":6,"href":"https:\/\/www.haut-vallespir.fr\/index.php?rest_route=\/wp\/v2\/posts\/1551\/revisions"}],"predecessor-version":[{"id":1558,"href":"https:\/\/www.haut-vallespir.fr\/index.php?rest_route=\/wp\/v2\/posts\/1551\/revisions\/1558"}],"wp:attachment":[{"href":"https:\/\/www.haut-vallespir.fr\/index.php?rest_route=%2Fwp%2Fv2%2Fmedia&parent=1551"}],"wp:term":[{"taxonomy":"category","embeddable":true,"href":"https:\/\/www.haut-vallespir.fr\/index.php?rest_route=%2Fwp%2Fv2%2Fcategories&post=1551"},{"taxonomy":"post_tag","embeddable":true,"href":"https:\/\/www.haut-vallespir.fr\/index.php?rest_route=%2Fwp%2Fv2%2Ftags&post=1551"}],"curies":[{"name":"wp","href":"https:\/\/api.w.org\/{rel}","templated":true}]}}