{"id":1497,"date":"2020-03-25T10:40:19","date_gmt":"2020-03-25T09:40:19","guid":{"rendered":"https:\/\/www.haut-vallespir.fr\/?p=1497"},"modified":"2020-03-25T10:40:19","modified_gmt":"2020-03-25T09:40:19","slug":"confines-et-mobilises-pour-les-enfants-non-la-fermeture-dune-classe-a-saint-laurent-de-cerdans","status":"publish","type":"post","link":"https:\/\/www.haut-vallespir.fr\/?p=1497","title":{"rendered":"CONFIN\u00c9S ET MOBILIS\u00c9S POUR LES ENFANTS : NON LA FERMETURE D&rsquo;UNE CLASSE A SAINT LAURENT DE CERDANS !"},"content":{"rendered":"<p><strong>CONFIN\u00c9S ET MOBILIS\u00c9S POUR LES ENFANTS : NON LA FERMETURE D&rsquo;UNE CLASSE A SAINT LAURENT DE CERDANS !<\/strong><\/p>\n<p>Nous apprenons aujourd\u2019hui la menace de fermeture d\u2019une classe sur l\u2019\u00e9cole de Saint-Laurent-de-Cerdans.<\/p>\n<p>\u00c0 l\u2019heure o\u00f9 l\u2019on pr\u00f4ne l\u2019int\u00e9r\u00eat de l\u2019enfant, de l\u2019\u00e9l\u00e8ve, nous nous interrogeons sur la valeur de ces promesses.<\/p>\n<p>Nous refusons que nos enfants ne soient que seuils et statistiques\u00a0! La fermeture d\u2019une classe aurait de lourdes cons\u00e9quences\u00a0: enfants en difficult\u00e9, 3 niveaux par classe, non respect du rythme d\u2019apprentissage, r\u00e9duction du temps individualis\u00e9, suppression du temps de d\u00e9charge\u2026<\/p>\n<p>Nous pensons aux int\u00e9r\u00eats de chaque \u00e9l\u00e8ve, mais \u00e9galement aux cons\u00e9quences pour notre ch\u00e8re vall\u00e9e du Vallespir. Car, il faut le signaler, une fermeture de classe est un signal n\u00e9gatif pour le d\u00e9veloppement des villages et de la ruralit\u00e9.<\/p>\n<p>Pour toutes ces raisons, parents, enseignants, \u00e9lus et citoyens, nous nous refusons \u00e0 accepter la fermeture d\u2019une classe \u00e0 l\u2019\u00e9cole Pierre et Marie Curie de Saint-Laurent-de-Cerdans.<\/p>\n<p>Afin de garantir et de d\u00e9fendre la r\u00e9ussite de tous les enfants dans un cadre p\u00e9dagogique serein et \u00e9panouissant, nous demandons au Directeur Acad\u00e9mique des Services de l\u2019\u00c9ducation Nationale, de prendre en consid\u00e9ration notre demande et de maintenir les quatre classes actuelles.<\/p>\n<p style=\"text-align: center;\"><strong>SIGNONS LA P\u00c9TITION !<\/strong><\/p>\n<p>&nbsp;<\/p>\n<h3 style=\"text-align: center;\"><a href=\"https:\/\/www.change.org\/p\/directeur-acad%C3%A9mique-des-services-de-l-education-nationale-contre-la-fermeture-d-une-classe-a-saint-laurent-de-cerdans\">Lien vers le site Internet<\/a><\/h3>\n","protected":false},"excerpt":{"rendered":"<p>CONFIN\u00c9S ET MOBILIS\u00c9S POUR LES ENFANTS : NON LA FERMETURE D&rsquo;UNE CLASSE A SAINT LAURENT DE CERDANS ! Nous apprenons aujourd\u2019hui la menace de fermeture d\u2019une classe sur l\u2019\u00e9cole de Saint-Laurent-de-Cerdans. \u00c0 l\u2019heure o\u00f9 l\u2019on pr\u00f4ne l\u2019int\u00e9r\u00eat de l\u2019enfant, de l\u2019\u00e9l\u00e8ve, nous nous interrogeons sur la valeur de ces promesses. Nous refusons que nos enfants [&hellip;]<\/p>\n","protected":false},"author":4,"featured_media":0,"comment_status":"closed","ping_status":"closed","sticky":false,"template":"","format":"standard","meta":{"footnotes":""},"categories":[272],"tags":[],"_links":{"self":[{"href":"https:\/\/www.haut-vallespir.fr\/index.php?rest_route=\/wp\/v2\/posts\/1497"}],"collection":[{"href":"https:\/\/www.haut-vallespir.fr\/index.php?rest_route=\/wp\/v2\/posts"}],"about":[{"href":"https:\/\/www.haut-vallespir.fr\/index.php?rest_route=\/wp\/v2\/types\/post"}],"author":[{"embeddable":true,"href":"https:\/\/www.haut-vallespir.fr\/index.php?rest_route=\/wp\/v2\/users\/4"}],"replies":[{"embeddable":true,"href":"https:\/\/www.haut-vallespir.fr\/index.php?rest_route=%2Fwp%2Fv2%2Fcomments&post=1497"}],"version-history":[{"count":3,"href":"https:\/\/www.haut-vallespir.fr\/index.php?rest_route=\/wp\/v2\/posts\/1497\/revisions"}],"predecessor-version":[{"id":1500,"href":"https:\/\/www.haut-vallespir.fr\/index.php?rest_route=\/wp\/v2\/posts\/1497\/revisions\/1500"}],"wp:attachment":[{"href":"https:\/\/www.haut-vallespir.fr\/index.php?rest_route=%2Fwp%2Fv2%2Fmedia&parent=1497"}],"wp:term":[{"taxonomy":"category","embeddable":true,"href":"https:\/\/www.haut-vallespir.fr\/index.php?rest_route=%2Fwp%2Fv2%2Fcategories&post=1497"},{"taxonomy":"post_tag","embeddable":true,"href":"https:\/\/www.haut-vallespir.fr\/index.php?rest_route=%2Fwp%2Fv2%2Ftags&post=1497"}],"curies":[{"name":"wp","href":"https:\/\/api.w.org\/{rel}","templated":true}]}}