{"id":1482,"date":"2020-03-20T10:08:59","date_gmt":"2020-03-20T09:08:59","guid":{"rendered":"https:\/\/www.haut-vallespir.fr\/?p=1482"},"modified":"2020-03-30T08:47:23","modified_gmt":"2020-03-30T07:47:23","slug":"information-coronavirus-fonctionnement-de-ses-services-techniques","status":"publish","type":"post","link":"https:\/\/www.haut-vallespir.fr\/?p=1482","title":{"rendered":"INFORMATION CORONAVIRUS &#8211; Fonctionnement de ses Services Techniques"},"content":{"rendered":"<h3 style=\"text-align: center;\"><strong>Communaut\u00e9 de Communes du Haut Vallespir : INFORMATION CORONAVIRUS<\/strong><\/h3>\n<p style=\"text-align: center;\"><strong>\u00a0<img loading=\"lazy\" decoding=\"async\" class=\"alignnone wp-image-244\" src=\"https:\/\/www.haut-vallespir.fr\/wp-content\/uploads\/2017\/12\/CCHV-seul-300x300.png\" alt=\"\" width=\"113\" height=\"113\" srcset=\"https:\/\/www.haut-vallespir.fr\/wp-content\/uploads\/2017\/12\/CCHV-seul-300x300.png 300w, https:\/\/www.haut-vallespir.fr\/wp-content\/uploads\/2017\/12\/CCHV-seul-150x150.png 150w, https:\/\/www.haut-vallespir.fr\/wp-content\/uploads\/2017\/12\/CCHV-seul.png 438w\" sizes=\"(max-width: 113px) 100vw, 113px\" \/><\/strong><\/p>\n<h4 style=\"text-align: center;\"><strong>En raison des mesures de protection et de lutte mises en place contre la propagation du virus Covid 19, la Communaut\u00e9 de Communes du Haut Vallespir a d\u00e9cid\u00e9 d\u2019adapter le fonctionnement de ses Services Techniques. Les mesures d\u2019organisation g\u00e9n\u00e9rale sont les suivantes\u00a0:<\/strong><\/h4>\n<h5><strong>Fermeture des d\u00e9ch\u00e8teries intercommunales\u00a0:<\/strong><\/h5>\n<p>Les trois d\u00e9ch\u00e8teries du Haut Vallespir, Arles sur Tech \u2013 Am\u00e9lie-les-Bains, Prats de Mollo et Saint Laurent de Cerdans sont ferm\u00e9es depuis le mardi 17 mars 12h00 et ce jusqu\u2019\u00e0 nouvel ordre. Durant cette p\u00e9riode exceptionnelle, tous les usagers doivent avoir un comportement citoyen, responsable et solidaire\u00a0: Tous les d\u00e9chets destin\u00e9s \u00e0 \u00eatre collect\u00e9s dans les d\u00e9ch\u00e8teries doivent \u00eatre conserv\u00e9s chez soi pendant la p\u00e9riode de confinement. En aucun cas, ces d\u00e9chets doivent \u00eatre plac\u00e9s dans les conteneurs \u00e0 ordures m\u00e9nag\u00e8res afin de ne pas surcharger la collecte qui sera adapt\u00e9e selon les besoins et les secteurs.<\/p>\n<p>La collecte des encombrants est \u00e9galement suspendue. Tous les d\u00e9p\u00f4ts sauvages sur l\u2019ensemble du territoire de la CCHV peuvent pr\u00e9senter un danger important pour la s\u00e9curit\u00e9 ou la salubrit\u00e9 publique. Il est donc strictement interdit de d\u00e9poser des d\u00e9chets de quelque nature que ce soit au sol \u00e0 proximit\u00e9 des conteneurs et colonnes de tri s\u00e9lectif ou devant l\u2019entr\u00e9e des d\u00e9ch\u00e8teries ferm\u00e9es.<\/p>\n<h5><strong>Collecte des ordures m\u00e9nag\u00e8res\u00a0:<\/strong><\/h5>\n<p>Le confinement g\u00e9n\u00e9ral a pour cons\u00e9quence premi\u00e8re la diminution du nombre des agents de collecte disponibles. Eu \u00e9gard \u00e0 la n\u00e9cessit\u00e9 d\u2019assurer la continuit\u00e9 du service public de collecte des ordures m\u00e9nag\u00e8res (probl\u00e8me de salubrit\u00e9 publique) et afin d\u2019assurer la protection sanitaire des agents intercommunaux, les tourn\u00e9es de collecte seront assur\u00e9es \u00e0 minima et adapt\u00e9es selon les besoins et les secteurs. Pendant la dur\u00e9e du confinement, les jours de collecte des ordures m\u00e9nag\u00e8res seront donc momentan\u00e9ment modifi\u00e9s (un passage par semaine).<\/p>\n<p><strong><u>Les lundis ou jeudis<\/u><\/strong><strong>\u00a0:<\/strong> Collecte dans les communes d\u2019Am\u00e9lie-les-Bains, Prats de Mollo, Le Tech, Saint Laurent de Cerdans, Coustouges, Laman\u00e8re et Serralongue.<\/p>\n<p><strong><u>Les mardis ou vendredis\u00a0<\/u><\/strong><strong>:<\/strong> Collecte dans les communes d\u2019Arles sur Tech, Corsavy, Montferrer, La Bastide, Saint Marsal, Taulis et Montbolo.<\/p>\n<p><strong>Colonnes de tri s\u00e9lectif :<\/strong><\/p>\n<p>La collecte des Points d\u2019Apport Volontaire (colonnes de tri s\u00e9lectif) continuera \u00e0 \u00eatre effectu\u00e9e par les prestataires de collecte, tant qu\u2019ils auront la possibilit\u00e9 de le faire. Les usagers peuvent donc continuer \u00e0 effectuer leur tri s\u00e9lectif\u00a0: Emballages M\u00e9nagers Recyclables et Verres. Toutefois, dans le contexte actuel, les prestataires de collecte pourraient \u00eatre amen\u00e9s \u00e0 avoir des difficult\u00e9s pour le vidage des colonnes. Par cons\u00e9quent, si les colonnes EMR ou Verres sont pleines, veuillez ne pas d\u00e9poser vos d\u00e9chets recyclables au sol ni dans les conteneurs d\u2019ordures m\u00e9nag\u00e8res. Gardez-les si possible chez vous durant la p\u00e9riode de confinement.<\/p>\n<p>&nbsp;<\/p>\n<p><em>Pour tout autre renseignement, vous pouvez contacter la permanence administrative de la Communaut\u00e9 de Communes du Haut Vallespir au 04.68.21.82.05 du lundi au vendredi de 8h30 \u00e0 12h00.<\/em><\/p>\n<p>&nbsp;<\/p>\n<p style=\"text-align: center;\"><a href=\"https:\/\/www.haut-vallespir.fr\/wp-content\/uploads\/2020\/03\/covid-19-memo-tri-2.jpg\"><img loading=\"lazy\" decoding=\"async\" class=\"alignnone wp-image-1514\" src=\"https:\/\/www.haut-vallespir.fr\/wp-content\/uploads\/2020\/03\/covid-19-memo-tri-2-282x300.jpg\" alt=\"\" width=\"353\" height=\"376\" srcset=\"https:\/\/www.haut-vallespir.fr\/wp-content\/uploads\/2020\/03\/covid-19-memo-tri-2-282x300.jpg 282w, https:\/\/www.haut-vallespir.fr\/wp-content\/uploads\/2020\/03\/covid-19-memo-tri-2-768x817.jpg 768w, https:\/\/www.haut-vallespir.fr\/wp-content\/uploads\/2020\/03\/covid-19-memo-tri-2.jpg 902w\" sizes=\"(max-width: 353px) 100vw, 353px\" \/><\/a><\/p>\n","protected":false},"excerpt":{"rendered":"<p>Communaut\u00e9 de Communes du Haut Vallespir : INFORMATION CORONAVIRUS \u00a0 En raison des mesures de protection et de lutte mises en place contre la propagation du virus Covid 19, la Communaut\u00e9 de Communes du Haut Vallespir a d\u00e9cid\u00e9 d\u2019adapter le fonctionnement de ses Services Techniques. Les mesures d\u2019organisation g\u00e9n\u00e9rale sont les suivantes\u00a0: Fermeture des d\u00e9ch\u00e8teries [&hellip;]<\/p>\n","protected":false},"author":4,"featured_media":0,"comment_status":"closed","ping_status":"closed","sticky":false,"template":"","format":"standard","meta":{"footnotes":""},"categories":[272],"tags":[],"_links":{"self":[{"href":"https:\/\/www.haut-vallespir.fr\/index.php?rest_route=\/wp\/v2\/posts\/1482"}],"collection":[{"href":"https:\/\/www.haut-vallespir.fr\/index.php?rest_route=\/wp\/v2\/posts"}],"about":[{"href":"https:\/\/www.haut-vallespir.fr\/index.php?rest_route=\/wp\/v2\/types\/post"}],"author":[{"embeddable":true,"href":"https:\/\/www.haut-vallespir.fr\/index.php?rest_route=\/wp\/v2\/users\/4"}],"replies":[{"embeddable":true,"href":"https:\/\/www.haut-vallespir.fr\/index.php?rest_route=%2Fwp%2Fv2%2Fcomments&post=1482"}],"version-history":[{"count":8,"href":"https:\/\/www.haut-vallespir.fr\/index.php?rest_route=\/wp\/v2\/posts\/1482\/revisions"}],"predecessor-version":[{"id":1516,"href":"https:\/\/www.haut-vallespir.fr\/index.php?rest_route=\/wp\/v2\/posts\/1482\/revisions\/1516"}],"wp:attachment":[{"href":"https:\/\/www.haut-vallespir.fr\/index.php?rest_route=%2Fwp%2Fv2%2Fmedia&parent=1482"}],"wp:term":[{"taxonomy":"category","embeddable":true,"href":"https:\/\/www.haut-vallespir.fr\/index.php?rest_route=%2Fwp%2Fv2%2Fcategories&post=1482"},{"taxonomy":"post_tag","embeddable":true,"href":"https:\/\/www.haut-vallespir.fr\/index.php?rest_route=%2Fwp%2Fv2%2Ftags&post=1482"}],"curies":[{"name":"wp","href":"https:\/\/api.w.org\/{rel}","templated":true}]}}